{"id":11679,"date":"2023-04-18T11:10:43","date_gmt":"2023-04-18T11:10:43","guid":{"rendered":"https:\/\/cps.es\/cps-recoit-le-label-pme-innovative\/"},"modified":"2023-04-20T11:31:51","modified_gmt":"2023-04-20T11:31:51","slug":"cps-recoit-le-label-pme-innovative","status":"publish","type":"post","link":"https:\/\/cps.es\/fr\/cps-recoit-le-label-pme-innovative\/","title":{"rendered":"CPS re\u00e7oit le label PME INNOVATIVE"},"content":{"rendered":"\n<div style=\"text-align:center;\">\n  <div title=\"Label PME INNOVATIVE 07\/02\/2026\" style=\"width:238px;text-align:center;margin: 0 auto;\">\n    <a style=\"text-decoration:none;\" target=\"_blank\" href=\"https:\/\/aplicaciones.ciencia.gob.es\/pyiINFO\/buscarPyi.mec?&#038;nif=B97500433\" title=\"Aller \u00e0 &#039;Sello Pyme Innovadora valide 07\/02\/2026&#039; dans une nouvelle fen\u00eatre\" rel=\"noopener\">\n      <div>\n        <img decoding=\"async\" alt=\"Label PME INNOVATIVE 07\/02\/2026\" src=\"https:\/\/aplicaciones.ciencia.gob.es\/pyiINFO\/imagenes\/sello.jpg\" style=\"display: block; margin: 0 auto;\"\/>\n      <\/div>\n      <div style=\"color:#000000;text-decoration: none;margin-top:10px;margin-bottom:10px;\">\n        <div style=\"font-weight:bold;font-size: 16px;\">PME INNOVANTES<\/div>\n        <div style=\"font-size: 10px;\">Valable jusqu&#8217;au 07 f\u00e9vrier 2026  <\/div>\n      <\/div>\n      <div>\n        <img decoding=\"async\" alt=\"Bouclier MEIC 07\/02\/2026\" src=\"https:\/\/aplicaciones.ciencia.gob.es\/pyiINFO\/imagenes\/escudo.jpg\"\/>\n      <\/div>\n    <\/a>\n  <\/div>\n<\/div>\n\n\n\n<p><\/p>\n\n<hr class=\"wp-block-separator has-alpha-channel-opacity is-style-dots\"\/>\n\n<p><strong>CPS <\/strong>re\u00e7oit le label <strong>PYME INNOVADORA<\/strong> du <strong>minist\u00e8re de la science et de l&#8217;innovation du gouvernement espagnol<\/strong>. Ce prix r\u00e9compense les efforts de la<strong> CPS <\/strong>dans son travail d&#8217;<strong>innovation,<\/strong> \u00e0 la fois par ses propres projets et par des projets en collaboration avec d&#8217;autres entreprises et centres de recherche.<\/p>\n\n<p>Tout cela est soutenu par le <strong>syst\u00e8me de gestion de la RDI<\/strong> que la <strong>CPS<\/strong> est en place depuis f\u00e9vrier 2023 et qui refl\u00e8te le travail de l&#8217;\u00e9quipe de gestion de la <strong>CPS<\/strong> en tant que PME innovante, comme l&#8217;a v\u00e9rifi\u00e9 le minist\u00e8re.<\/p>\n","protected":false},"excerpt":{"rendered":"<p>PME INNOVANTES Valable jusqu&#8217;au 07 f\u00e9vrier 2026 CPS re\u00e7oit le label PYME INNOVADORA du minist\u00e8re de la science et de l&#8217;innovation du [&hellip;]<\/p>\n","protected":false},"author":9,"featured_media":11530,"comment_status":"closed","ping_status":"open","sticky":false,"template":"","format":"standard","meta":{"footnotes":""},"categories":[95,105],"tags":[],"class_list":["post-11679","post","type-post","status-publish","format-standard","has-post-thumbnail","hentry","category-cps-fr","category-innovation-fr"],"_links":{"self":[{"href":"https:\/\/cps.es\/fr\/wp-json\/wp\/v2\/posts\/11679","targetHints":{"allow":["GET"]}}],"collection":[{"href":"https:\/\/cps.es\/fr\/wp-json\/wp\/v2\/posts"}],"about":[{"href":"https:\/\/cps.es\/fr\/wp-json\/wp\/v2\/types\/post"}],"author":[{"embeddable":true,"href":"https:\/\/cps.es\/fr\/wp-json\/wp\/v2\/users\/9"}],"replies":[{"embeddable":true,"href":"https:\/\/cps.es\/fr\/wp-json\/wp\/v2\/comments?post=11679"}],"version-history":[{"count":3,"href":"https:\/\/cps.es\/fr\/wp-json\/wp\/v2\/posts\/11679\/revisions"}],"predecessor-version":[{"id":11683,"href":"https:\/\/cps.es\/fr\/wp-json\/wp\/v2\/posts\/11679\/revisions\/11683"}],"wp:featuredmedia":[{"embeddable":true,"href":"https:\/\/cps.es\/fr\/wp-json\/wp\/v2\/media\/11530"}],"wp:attachment":[{"href":"https:\/\/cps.es\/fr\/wp-json\/wp\/v2\/media?parent=11679"}],"wp:term":[{"taxonomy":"category","embeddable":true,"href":"https:\/\/cps.es\/fr\/wp-json\/wp\/v2\/categories?post=11679"},{"taxonomy":"post_tag","embeddable":true,"href":"https:\/\/cps.es\/fr\/wp-json\/wp\/v2\/tags?post=11679"}],"curies":[{"name":"wp","href":"https:\/\/api.w.org\/{rel}","templated":true}]}}