{"id":11841,"date":"2023-04-20T14:50:25","date_gmt":"2023-04-20T14:50:25","guid":{"rendered":"https:\/\/cps.es\/cps-participe-a-la-foire-bau-2023\/"},"modified":"2023-04-21T10:46:40","modified_gmt":"2023-04-21T10:46:40","slug":"cps-participe-a-la-foire-bau-2023","status":"publish","type":"post","link":"https:\/\/cps.es\/fr\/cps-participe-a-la-foire-bau-2023\/","title":{"rendered":"CPS participe \u00e0 la foire BAU 2023"},"content":{"rendered":"<div class=\"wp-block-image\">\n<figure class=\"aligncenter size-large is-resized\"><img fetchpriority=\"high\" decoding=\"async\" src=\"https:\/\/cps.es\/wp-content\/uploads\/2023\/04\/cps-asiste-feria-bau-2023-alemania-arquitectura-1024x768.jpeg\" alt=\"\" class=\"wp-image-11741\" width=\"572\" height=\"428\" srcset=\"https:\/\/cps.es\/wp-content\/uploads\/2023\/04\/cps-asiste-feria-bau-2023-alemania-arquitectura-1024x768.jpeg 1024w, https:\/\/cps.es\/wp-content\/uploads\/2023\/04\/cps-asiste-feria-bau-2023-alemania-arquitectura-300x225.jpeg 300w, https:\/\/cps.es\/wp-content\/uploads\/2023\/04\/cps-asiste-feria-bau-2023-alemania-arquitectura-768x576.jpeg 768w, https:\/\/cps.es\/wp-content\/uploads\/2023\/04\/cps-asiste-feria-bau-2023-alemania-arquitectura-1536x1152.jpeg 1536w, https:\/\/cps.es\/wp-content\/uploads\/2023\/04\/cps-asiste-feria-bau-2023-alemania-arquitectura-650x488.jpeg 650w, https:\/\/cps.es\/wp-content\/uploads\/2023\/04\/cps-asiste-feria-bau-2023-alemania-arquitectura.jpeg 1600w\" sizes=\"(max-width: 572px) 100vw, 572px\" \/><\/figure>\n<\/div>\n<p><\/p>\n\n<p><strong>Borja L\u00f3pez<\/strong> Directeur du d\u00e9partement d&#8217;<strong>architecture<\/strong> de la <strong>CPS<\/strong> a particip\u00e9 \u00e0 la foire <strong>BAU 2023<\/strong> qui se tient au centre d&#8217;exposition <strong>Messe M\u00fcnchen \u00e0 Munich, en Allemagne<\/strong>.<\/p>\n\n<p>Avec plus de 2 000 exposants de diff\u00e9rents pays, BAU 2023 est l&#8217;endroit id\u00e9al pour d\u00e9couvrir les derni\u00e8res <strong>innovations<\/strong> internationales en mati\u00e8re de mat\u00e9riaux de construction, de technologies et de services.<\/p>\n","protected":false},"excerpt":{"rendered":"<p>Borja L\u00f3pez Directeur du d\u00e9partement d&#8217;architecture de la CPS a particip\u00e9 \u00e0 la foire BAU 2023 qui se tient au centre d&#8217;exposition [&hellip;]<\/p>\n","protected":false},"author":9,"featured_media":11743,"comment_status":"closed","ping_status":"open","sticky":false,"template":"","format":"standard","meta":{"footnotes":""},"categories":[100,105],"tags":[],"class_list":["post-11841","post","type-post","status-publish","format-standard","has-post-thumbnail","hentry","category-architecture-fr","category-innovation-fr"],"_links":{"self":[{"href":"https:\/\/cps.es\/fr\/wp-json\/wp\/v2\/posts\/11841","targetHints":{"allow":["GET"]}}],"collection":[{"href":"https:\/\/cps.es\/fr\/wp-json\/wp\/v2\/posts"}],"about":[{"href":"https:\/\/cps.es\/fr\/wp-json\/wp\/v2\/types\/post"}],"author":[{"embeddable":true,"href":"https:\/\/cps.es\/fr\/wp-json\/wp\/v2\/users\/9"}],"replies":[{"embeddable":true,"href":"https:\/\/cps.es\/fr\/wp-json\/wp\/v2\/comments?post=11841"}],"version-history":[{"count":1,"href":"https:\/\/cps.es\/fr\/wp-json\/wp\/v2\/posts\/11841\/revisions"}],"predecessor-version":[{"id":11843,"href":"https:\/\/cps.es\/fr\/wp-json\/wp\/v2\/posts\/11841\/revisions\/11843"}],"wp:featuredmedia":[{"embeddable":true,"href":"https:\/\/cps.es\/fr\/wp-json\/wp\/v2\/media\/11743"}],"wp:attachment":[{"href":"https:\/\/cps.es\/fr\/wp-json\/wp\/v2\/media?parent=11841"}],"wp:term":[{"taxonomy":"category","embeddable":true,"href":"https:\/\/cps.es\/fr\/wp-json\/wp\/v2\/categories?post=11841"},{"taxonomy":"post_tag","embeddable":true,"href":"https:\/\/cps.es\/fr\/wp-json\/wp\/v2\/tags?post=11841"}],"curies":[{"name":"wp","href":"https:\/\/api.w.org\/{rel}","templated":true}]}}