{"id":12022,"date":"2023-04-25T11:40:41","date_gmt":"2023-04-25T11:40:41","guid":{"rendered":"https:\/\/cps.es\/le-centre-europeen-dentreprise-et-dinnovation-de-valence-ceei-visite-le-siege-de-la-cps\/"},"modified":"2023-05-03T14:36:22","modified_gmt":"2023-05-03T14:36:22","slug":"le-centre-europeen-dentreprise-et-dinnovation-de-valence-ceei-visite-le-siege-de-la-cps","status":"publish","type":"post","link":"https:\/\/cps.es\/fr\/le-centre-europeen-dentreprise-et-dinnovation-de-valence-ceei-visite-le-siege-de-la-cps\/","title":{"rendered":"Le Centre europ\u00e9en d&#8217;entreprise et d&#8217;innovation de Valence (CEEI) visite le si\u00e8ge de la CPS"},"content":{"rendered":"<div class=\"wp-block-image\">\n<figure class=\"aligncenter size-full is-resized\"><img fetchpriority=\"high\" decoding=\"async\" src=\"https:\/\/cps.es\/wp-content\/uploads\/2023\/04\/ceei-visita-oficina-central-cps-valencia.webp\" alt=\"\" class=\"wp-image-11849\" width=\"736\" height=\"485\" srcset=\"https:\/\/cps.es\/wp-content\/uploads\/2023\/04\/ceei-visita-oficina-central-cps-valencia.webp 900w, https:\/\/cps.es\/wp-content\/uploads\/2023\/04\/ceei-visita-oficina-central-cps-valencia-300x198.webp 300w, https:\/\/cps.es\/wp-content\/uploads\/2023\/04\/ceei-visita-oficina-central-cps-valencia-768x506.webp 768w, https:\/\/cps.es\/wp-content\/uploads\/2023\/04\/ceei-visita-oficina-central-cps-valencia-650x428.webp 650w\" sizes=\"(max-width: 736px) 100vw, 736px\" \/><\/figure>\n<\/div>\n<p><\/p>\n\n<p>Le 20 avril  <strong>CPS<\/strong>  a re\u00e7u la visite de la  <a href=\"https:\/\/www.linkedin.com\/company\/ceei-valencia-centro-europeo-de-empresas-innovadoras-de-valencia-\/\" target=\"_blank\" rel=\"noopener\">CEEI Valence (Centre europ\u00e9en d&#8217;entreprise et d&#8217;innovation de Valence)<\/a>dans le cadre de son cycle de visites d&#8217;entreprises innovantes de la r\u00e9gion de Valence, dans le but de conna\u00eetre de pr\u00e8s le fonctionnement quotidien des entreprises et d&#8217;\u00e9couter leurs dirigeants afin de d\u00e9tecter des points de collaboration et de renforcer la comp\u00e9titivit\u00e9 du tissu entrepreneurial valencien.<\/p>\n\n<p>En tant qu&#8217;<strong>entreprise engag\u00e9e dans l&#8217;innovation ouverte et collaborative,<\/strong> CPS a particip\u00e9 en 2022 au programme d&#8217;innovation ouverte CV INNOVA du CEEI de Valence, qui visait \u00e0 r\u00e9pondre aux besoins des PME et des grandes entreprises.<\/p>\n\n<p>L&#8217;objectif de CPS est de continuer \u00e0 travailler sur les synergies entre les soci\u00e9t\u00e9s de tracteurs, les projets technologiques ou les startups et le CEEI est le partenaire id\u00e9al pour cela.<\/p>\n","protected":false},"excerpt":{"rendered":"<p>Le 20 avril CPS a re\u00e7u la visite de la CEEI Valence (Centre europ\u00e9en d&#8217;entreprise et d&#8217;innovation de Valence)dans le cadre de [&hellip;]<\/p>\n","protected":false},"author":9,"featured_media":11851,"comment_status":"closed","ping_status":"open","sticky":false,"template":"","format":"standard","meta":{"footnotes":""},"categories":[95,105],"tags":[],"class_list":["post-12022","post","type-post","status-publish","format-standard","has-post-thumbnail","hentry","category-cps-fr","category-innovation-fr"],"_links":{"self":[{"href":"https:\/\/cps.es\/fr\/wp-json\/wp\/v2\/posts\/12022","targetHints":{"allow":["GET"]}}],"collection":[{"href":"https:\/\/cps.es\/fr\/wp-json\/wp\/v2\/posts"}],"about":[{"href":"https:\/\/cps.es\/fr\/wp-json\/wp\/v2\/types\/post"}],"author":[{"embeddable":true,"href":"https:\/\/cps.es\/fr\/wp-json\/wp\/v2\/users\/9"}],"replies":[{"embeddable":true,"href":"https:\/\/cps.es\/fr\/wp-json\/wp\/v2\/comments?post=12022"}],"version-history":[{"count":1,"href":"https:\/\/cps.es\/fr\/wp-json\/wp\/v2\/posts\/12022\/revisions"}],"predecessor-version":[{"id":12025,"href":"https:\/\/cps.es\/fr\/wp-json\/wp\/v2\/posts\/12022\/revisions\/12025"}],"wp:featuredmedia":[{"embeddable":true,"href":"https:\/\/cps.es\/fr\/wp-json\/wp\/v2\/media\/11851"}],"wp:attachment":[{"href":"https:\/\/cps.es\/fr\/wp-json\/wp\/v2\/media?parent=12022"}],"wp:term":[{"taxonomy":"category","embeddable":true,"href":"https:\/\/cps.es\/fr\/wp-json\/wp\/v2\/categories?post=12022"},{"taxonomy":"post_tag","embeddable":true,"href":"https:\/\/cps.es\/fr\/wp-json\/wp\/v2\/tags?post=12022"}],"curies":[{"name":"wp","href":"https:\/\/api.w.org\/{rel}","templated":true}]}}