{"id":12682,"date":"2023-05-11T08:12:40","date_gmt":"2023-05-11T08:12:40","guid":{"rendered":"https:\/\/cps.es\/expansion-de-lap-7-dans-le-sud-de-castellon\/"},"modified":"2023-05-11T13:00:27","modified_gmt":"2023-05-11T13:00:27","slug":"expansion-de-lap-7-dans-le-sud-de-castellon","status":"publish","type":"post","link":"https:\/\/cps.es\/fr\/expansion-de-lap-7-dans-le-sud-de-castellon\/","title":{"rendered":"Expansion de l&#8217;AP-7 dans le sud de Castell\u00f3n"},"content":{"rendered":"<div class=\"wp-block-image\">\n<figure class=\"aligncenter size-full is-resized\"><img fetchpriority=\"high\" decoding=\"async\" src=\"https:\/\/cps.es\/wp-content\/uploads\/2023\/05\/ampliacion-ap-7-castellon-comunidad-valenciana-cps.webp\" alt=\"\" class=\"wp-image-12452\" width=\"527\" height=\"393\" srcset=\"https:\/\/cps.es\/wp-content\/uploads\/2023\/05\/ampliacion-ap-7-castellon-comunidad-valenciana-cps.webp 1000w, https:\/\/cps.es\/wp-content\/uploads\/2023\/05\/ampliacion-ap-7-castellon-comunidad-valenciana-cps-300x224.webp 300w, https:\/\/cps.es\/wp-content\/uploads\/2023\/05\/ampliacion-ap-7-castellon-comunidad-valenciana-cps-768x574.webp 768w, https:\/\/cps.es\/wp-content\/uploads\/2023\/05\/ampliacion-ap-7-castellon-comunidad-valenciana-cps-650x486.webp 650w\" sizes=\"(max-width: 527px) 100vw, 527px\" \/><\/figure>\n<\/div>\n<p><\/p>\n\n<p>La r\u00e9daction du projet de <strong>mise en \u0153uvre de troisi\u00e8mes voies rapides<\/strong> pour le d\u00e9passement et les aires de repos sur plusieurs tron\u00e7ons entre <strong>Castell\u00f3 et Almenara,<\/strong> dans la province de Castell\u00f3n, a \u00e9t\u00e9 confi\u00e9e \u00e0 <strong>CPS <\/strong>par le minist\u00e8re des Transports, de la Mobilit\u00e9 et de l&#8217;Agenda urbain (MITMA).<\/p>\n\n<p>L&#8217;objectif du projet est de r\u00e9aliser la construction de l&#8217;usine de traitement des eaux us\u00e9es.  <strong>11,4 kilom\u00e8tres<\/strong>  des troisi\u00e8mes voies pour le d\u00e9passement, en \u00e9largissant l&#8217;ext\u00e9rieur des chauss\u00e9es existantes, am\u00e9nag\u00e9es comme des voies rapides suppl\u00e9mentaires \u00e0 gauche, sur le tron\u00e7on Castell\u00f3-Les Alqueries \u00e0 Vila-real et sur le tron\u00e7on Moncofa-Almenara \u00e0 Xilxes, La Llosa et Almenara, dans les deux sens, dans les deux directions.<\/p>\n\n<p>Note compl\u00e8te <strong><a href=\"https:\/\/www.mitma.gob.es\/el-ministerio\/sala-de-prensa\/noticias\/lun-03042023-1627\" data-type=\"URL\" data-id=\"https:\/\/www.mitma.gob.es\/el-ministerio\/sala-de-prensa\/noticias\/lun-03042023-1627\" target=\"_blank\" rel=\"noopener\">ici<\/a><\/strong>.<\/p>\n","protected":false},"excerpt":{"rendered":"<p>La r\u00e9daction du projet de mise en \u0153uvre de troisi\u00e8mes voies rapides pour le d\u00e9passement et les aires de repos sur plusieurs [&hellip;]<\/p>\n","protected":false},"author":9,"featured_media":12454,"comment_status":"closed","ping_status":"open","sticky":false,"template":"","format":"standard","meta":{"footnotes":""},"categories":[97],"tags":[],"class_list":["post-12682","post","type-post","status-publish","format-standard","has-post-thumbnail","hentry","category-civil-fr"],"_links":{"self":[{"href":"https:\/\/cps.es\/fr\/wp-json\/wp\/v2\/posts\/12682","targetHints":{"allow":["GET"]}}],"collection":[{"href":"https:\/\/cps.es\/fr\/wp-json\/wp\/v2\/posts"}],"about":[{"href":"https:\/\/cps.es\/fr\/wp-json\/wp\/v2\/types\/post"}],"author":[{"embeddable":true,"href":"https:\/\/cps.es\/fr\/wp-json\/wp\/v2\/users\/9"}],"replies":[{"embeddable":true,"href":"https:\/\/cps.es\/fr\/wp-json\/wp\/v2\/comments?post=12682"}],"version-history":[{"count":3,"href":"https:\/\/cps.es\/fr\/wp-json\/wp\/v2\/posts\/12682\/revisions"}],"predecessor-version":[{"id":12685,"href":"https:\/\/cps.es\/fr\/wp-json\/wp\/v2\/posts\/12682\/revisions\/12685"}],"wp:featuredmedia":[{"embeddable":true,"href":"https:\/\/cps.es\/fr\/wp-json\/wp\/v2\/media\/12454"}],"wp:attachment":[{"href":"https:\/\/cps.es\/fr\/wp-json\/wp\/v2\/media?parent=12682"}],"wp:term":[{"taxonomy":"category","embeddable":true,"href":"https:\/\/cps.es\/fr\/wp-json\/wp\/v2\/categories?post=12682"},{"taxonomy":"post_tag","embeddable":true,"href":"https:\/\/cps.es\/fr\/wp-json\/wp\/v2\/tags?post=12682"}],"curies":[{"name":"wp","href":"https:\/\/api.w.org\/{rel}","templated":true}]}}