{"id":12779,"date":"2023-05-18T08:00:00","date_gmt":"2023-05-18T08:00:00","guid":{"rendered":"https:\/\/cps.es\/la-cps-participe-a-la-conception-du-nouveau-corridor-vert-de-valence\/"},"modified":"2023-05-18T08:06:06","modified_gmt":"2023-05-18T08:06:06","slug":"la-cps-participe-a-la-conception-du-nouveau-corridor-vert-de-valence","status":"publish","type":"post","link":"https:\/\/cps.es\/fr\/la-cps-participe-a-la-conception-du-nouveau-corridor-vert-de-valence\/","title":{"rendered":"La CPS participe \u00e0 la conception du nouveau corridor vert de Valence"},"content":{"rendered":"<div class=\"wp-block-image\">\n<figure class=\"aligncenter size-full is-resized\"><img fetchpriority=\"high\" decoding=\"async\" src=\"https:\/\/cps.es\/wp-content\/uploads\/2023\/05\/estrategia-green-leaf-corredor-verde-valencia-sur-cps-1.webp\" alt=\"\" class=\"wp-image-12772\" width=\"594\" height=\"379\" srcset=\"https:\/\/cps.es\/wp-content\/uploads\/2023\/05\/estrategia-green-leaf-corredor-verde-valencia-sur-cps-1.webp 1000w, https:\/\/cps.es\/wp-content\/uploads\/2023\/05\/estrategia-green-leaf-corredor-verde-valencia-sur-cps-1-300x192.webp 300w, https:\/\/cps.es\/wp-content\/uploads\/2023\/05\/estrategia-green-leaf-corredor-verde-valencia-sur-cps-1-768x491.webp 768w, https:\/\/cps.es\/wp-content\/uploads\/2023\/05\/estrategia-green-leaf-corredor-verde-valencia-sur-cps-1-650x415.webp 650w\" sizes=\"(max-width: 594px) 100vw, 594px\" \/><figcaption class=\"wp-element-caption\">Conseil municipal de Val\u00e8ncia<\/figcaption><\/figure>\n<\/div>\n<p><\/p>\n\n<p><strong>CPS<\/strong> participe en tant que collaborateur \u00e0 l&#8217;\u00e9quipe technique charg\u00e9e de diriger le projet <strong>&#8220;Green Leaf Strategy&#8221;<\/strong>, la proposition gagnante du concours visant \u00e0 d\u00e9velopper le plan directeur pour le <strong>corridor vert du sud<\/strong>. La <strong>CPS<\/strong> apportera au projet sa grande exp\u00e9rience en mati\u00e8re de <strong>mobilit\u00e9 durable<\/strong>.<\/p>\n\n<p>Le projet &#8220;Green Leaf Strategy&#8221; (strat\u00e9gie de la feuille verte) vise \u00e0 mettre en place une strat\u00e9gie de la feuille verte.  <strong>transformation, red\u00e9veloppement  <\/strong>y<strong>  renaturalisation<\/strong>  des espaces r\u00e9sultant de l&#8217;enfouissement des voies ferr\u00e9es dans le sud de la ville et du r\u00e9am\u00e9nagement des zones industrielles entre le parc central et le quartier innovant de Vara de Quart.<\/p>\n\n<p>D&#8217;autre part, la conception ne se limite pas \u00e0 la cr\u00e9ation de zones vertes dans les nouveaux quartiers, mais propose de g\u00e9n\u00e9rer un espace en zigzag qui forme des coins verts \u00e0 l&#8217;int\u00e9rieur des quartiers. En outre, il est pr\u00e9vu de construire des voies rapides pour relier les quartiers et les villages de la zone sud au centre de Valence par des voies pi\u00e9tonnes ou de mobilit\u00e9 durable.<\/p>\n\n<p>L&#8217;article complet ici. <\/p>\n","protected":false},"excerpt":{"rendered":"<p>CPS participe en tant que collaborateur \u00e0 l&#8217;\u00e9quipe technique charg\u00e9e de diriger le projet &#8220;Green Leaf Strategy&#8221;, la proposition gagnante du concours [&hellip;]<\/p>\n","protected":false},"author":9,"featured_media":12774,"comment_status":"closed","ping_status":"open","sticky":false,"template":"","format":"standard","meta":{"footnotes":""},"categories":[101,96],"tags":[],"class_list":["post-12779","post","type-post","status-publish","format-standard","has-post-thumbnail","hentry","category-transport","category-valence"],"_links":{"self":[{"href":"https:\/\/cps.es\/fr\/wp-json\/wp\/v2\/posts\/12779","targetHints":{"allow":["GET"]}}],"collection":[{"href":"https:\/\/cps.es\/fr\/wp-json\/wp\/v2\/posts"}],"about":[{"href":"https:\/\/cps.es\/fr\/wp-json\/wp\/v2\/types\/post"}],"author":[{"embeddable":true,"href":"https:\/\/cps.es\/fr\/wp-json\/wp\/v2\/users\/9"}],"replies":[{"embeddable":true,"href":"https:\/\/cps.es\/fr\/wp-json\/wp\/v2\/comments?post=12779"}],"version-history":[{"count":1,"href":"https:\/\/cps.es\/fr\/wp-json\/wp\/v2\/posts\/12779\/revisions"}],"predecessor-version":[{"id":12780,"href":"https:\/\/cps.es\/fr\/wp-json\/wp\/v2\/posts\/12779\/revisions\/12780"}],"wp:featuredmedia":[{"embeddable":true,"href":"https:\/\/cps.es\/fr\/wp-json\/wp\/v2\/media\/12774"}],"wp:attachment":[{"href":"https:\/\/cps.es\/fr\/wp-json\/wp\/v2\/media?parent=12779"}],"wp:term":[{"taxonomy":"category","embeddable":true,"href":"https:\/\/cps.es\/fr\/wp-json\/wp\/v2\/categories?post=12779"},{"taxonomy":"post_tag","embeddable":true,"href":"https:\/\/cps.es\/fr\/wp-json\/wp\/v2\/tags?post=12779"}],"curies":[{"name":"wp","href":"https:\/\/api.w.org\/{rel}","templated":true}]}}