{"id":13507,"date":"2023-09-05T09:09:57","date_gmt":"2023-09-05T08:09:57","guid":{"rendered":"https:\/\/cps.es\/remodelage-et-construction-de-jonctions-sur-lautoroute-ap-7-girona\/"},"modified":"2023-09-05T09:10:42","modified_gmt":"2023-09-05T08:10:42","slug":"remodelage-et-construction-de-jonctions-sur-lautoroute-ap-7-girona","status":"publish","type":"post","link":"https:\/\/cps.es\/fr\/remodelage-et-construction-de-jonctions-sur-lautoroute-ap-7-girona\/","title":{"rendered":"Remodelage et construction de jonctions sur l&#8217;autoroute AP-7 &#8211; Girona"},"content":{"rendered":"<div class=\"wp-block-image\">\n<figure class=\"aligncenter size-full\"><img fetchpriority=\"high\" decoding=\"async\" width=\"900\" height=\"476\" src=\"https:\/\/cps.es\/wp-content\/uploads\/2023\/09\/enlaces-ap7-san-celoni-girona-ingenieria-civil-movilidad-construccion-remodelacion.webp\" alt=\"\" class=\"wp-image-13501\" srcset=\"https:\/\/cps.es\/wp-content\/uploads\/2023\/09\/enlaces-ap7-san-celoni-girona-ingenieria-civil-movilidad-construccion-remodelacion.webp 900w, https:\/\/cps.es\/wp-content\/uploads\/2023\/09\/enlaces-ap7-san-celoni-girona-ingenieria-civil-movilidad-construccion-remodelacion-300x159.webp 300w, https:\/\/cps.es\/wp-content\/uploads\/2023\/09\/enlaces-ap7-san-celoni-girona-ingenieria-civil-movilidad-construccion-remodelacion-768x406.webp 768w, https:\/\/cps.es\/wp-content\/uploads\/2023\/09\/enlaces-ap7-san-celoni-girona-ingenieria-civil-movilidad-construccion-remodelacion-650x344.webp 650w\" sizes=\"(max-width: 900px) 100vw, 900px\" \/><\/figure>\n<\/div>\n<p><\/p>\n\n<p><\/p>\n\n<p><strong>\n  <a href=\"https:\/\/www.linkedin.com\/company\/cps-ingenieros-obra-civil-y-medio-ambiente\/\" data-type=\"URL\" data-id=\"https:\/\/www.linkedin.com\/company\/cps-ingenieros-obra-civil-y-medio-ambiente\/\" target=\"_blank\" rel=\"noreferrer noopener\">CPS<\/a>\n<\/strong> r\u00e9alisera, pour le compte du <strong>minist\u00e8re des Transports, de la Mobilit\u00e9 et de l&#8217;Urbanisme<\/strong>, l&#8217;<strong>\u00e9laboration des projets de r\u00e9am\u00e9nagement et de construction<\/strong> des \u00e9changeurs de l&#8217;autoroute AP-7 \u00e0 <strong>San Celoni nord, Ma\u00e7anet et G\u00e9rone nord<\/strong>.<\/p>\n\n<p>Le projet vise \u00e0 <strong>am\u00e9liorer l&#8217;<\/strong> <strong>infrastructure routi\u00e8re<\/strong> et la <strong>s\u00e9curit\u00e9 <\/strong>sur des tron\u00e7ons cl\u00e9s de l&#8217;AP-7. L&#8217;accent sera mis sur la construction d&#8217;un nouveau carrefour \u00e0 Sant Celoni nord pour une distribution efficace du trafic, un remodelage du carrefour de Ma\u00e7anet pour \u00e9liminer une intersection dangereuse, et la r\u00e9organisation du flux de trafic au carrefour de G\u00e9rone nord avec deux nouveaux ronds-points.<\/p>\n\n<p>Le projet promet une conduite plus fluide et plus s\u00fbre dans la r\u00e9gion, refl\u00e9tant l&#8217;engagement de moderniser l&#8217;infrastructure routi\u00e8re et la mobilit\u00e9 en Catalogne.<\/p>\n","protected":false},"excerpt":{"rendered":"<p>CPS r\u00e9alisera, pour le compte du minist\u00e8re des Transports, de la Mobilit\u00e9 et de l&#8217;Urbanisme, l&#8217;\u00e9laboration des projets de r\u00e9am\u00e9nagement et de [&hellip;]<\/p>\n","protected":false},"author":9,"featured_media":13503,"comment_status":"closed","ping_status":"open","sticky":false,"template":"","format":"standard","meta":{"footnotes":""},"categories":[97],"tags":[],"class_list":["post-13507","post","type-post","status-publish","format-standard","has-post-thumbnail","hentry","category-civil-fr"],"_links":{"self":[{"href":"https:\/\/cps.es\/fr\/wp-json\/wp\/v2\/posts\/13507","targetHints":{"allow":["GET"]}}],"collection":[{"href":"https:\/\/cps.es\/fr\/wp-json\/wp\/v2\/posts"}],"about":[{"href":"https:\/\/cps.es\/fr\/wp-json\/wp\/v2\/types\/post"}],"author":[{"embeddable":true,"href":"https:\/\/cps.es\/fr\/wp-json\/wp\/v2\/users\/9"}],"replies":[{"embeddable":true,"href":"https:\/\/cps.es\/fr\/wp-json\/wp\/v2\/comments?post=13507"}],"version-history":[{"count":1,"href":"https:\/\/cps.es\/fr\/wp-json\/wp\/v2\/posts\/13507\/revisions"}],"predecessor-version":[{"id":13508,"href":"https:\/\/cps.es\/fr\/wp-json\/wp\/v2\/posts\/13507\/revisions\/13508"}],"wp:featuredmedia":[{"embeddable":true,"href":"https:\/\/cps.es\/fr\/wp-json\/wp\/v2\/media\/13503"}],"wp:attachment":[{"href":"https:\/\/cps.es\/fr\/wp-json\/wp\/v2\/media?parent=13507"}],"wp:term":[{"taxonomy":"category","embeddable":true,"href":"https:\/\/cps.es\/fr\/wp-json\/wp\/v2\/categories?post=13507"},{"taxonomy":"post_tag","embeddable":true,"href":"https:\/\/cps.es\/fr\/wp-json\/wp\/v2\/tags?post=13507"}],"curies":[{"name":"wp","href":"https:\/\/api.w.org\/{rel}","templated":true}]}}