{"id":13608,"date":"2023-09-25T12:10:01","date_gmt":"2023-09-25T11:10:01","guid":{"rendered":"https:\/\/cps.es\/la-cps-participe-a-la-deuxieme-reunion-du-projet-mobility-city\/"},"modified":"2023-09-25T12:11:00","modified_gmt":"2023-09-25T11:11:00","slug":"la-cps-participe-a-la-deuxieme-reunion-du-projet-mobility-city","status":"publish","type":"post","link":"https:\/\/cps.es\/fr\/la-cps-participe-a-la-deuxieme-reunion-du-projet-mobility-city\/","title":{"rendered":"La CPS participe \u00e0 la deuxi\u00e8me r\u00e9union du projet Mobility City"},"content":{"rendered":"\n<p><\/p>\n<div class=\"wp-block-image\">\n<figure class=\"aligncenter size-full\"><img fetchpriority=\"high\" decoding=\"async\" width=\"900\" height=\"405\" src=\"https:\/\/cps.es\/wp-content\/uploads\/2023\/09\/cps-participa-mesa-redonda-mobility-city.webp\" alt=\"\" class=\"wp-image-13602\" srcset=\"https:\/\/cps.es\/wp-content\/uploads\/2023\/09\/cps-participa-mesa-redonda-mobility-city.webp 900w, https:\/\/cps.es\/wp-content\/uploads\/2023\/09\/cps-participa-mesa-redonda-mobility-city-300x135.webp 300w, https:\/\/cps.es\/wp-content\/uploads\/2023\/09\/cps-participa-mesa-redonda-mobility-city-768x346.webp 768w, https:\/\/cps.es\/wp-content\/uploads\/2023\/09\/cps-participa-mesa-redonda-mobility-city-650x293.webp 650w\" sizes=\"(max-width: 900px) 100vw, 900px\" \/><figcaption class=\"wp-element-caption\">Photo : Fondation Pons<\/figcaption><\/figure>\n<\/div>\n<p><\/p>\n\n<p>Dans le cadre de la <strong>Semaine europ\u00e9enne de la mobilit\u00e9<\/strong>, notre coll\u00e8gue <strong>Jos\u00e9 Luis Faubel<\/strong> a particip\u00e9 \u00e0 la table ronde de la 2\u00e8me r\u00e9union du projet <strong>Mobility City<\/strong>, organis\u00e9e par la <strong>Fondation PONS<\/strong> et la <strong>Fondation Ibercaja<\/strong>.<\/p>\n\n<p>Le th\u00e8me central de l&#8217;\u00e9v\u00e9nement \u00e9tait la situation actuelle des villes et les prochaines \u00e9tapes n\u00e9cessaires pour parvenir \u00e0 une <strong>mobilit\u00e9 durable<\/strong> et<strong> intelligente<\/strong>.<\/p>\n\n<p>Dans son discours, Jos\u00e9 Luis a expliqu\u00e9 la situation actuelle et ce que devrait \u00eatre la voie \u00e0 suivre pour les villes afin de parvenir \u00e0 une infrastructure durable, &#8220;.<em>une planification correcte est tr\u00e8s importante et peut \u00eatre d\u00e9cisive pour le succ\u00e8s ou l&#8217;\u00e9chec du plan mis en \u0153uvre. La gestion de la mobilit\u00e9 ne concerne pas seulement la ville, il faut aussi penser au moment et \u00e0 la mani\u00e8re dont les gens arrivent. Cela peut conduire \u00e0 la n\u00e9cessit\u00e9 d&#8217;\u00e9tendre la ville.<\/em>&#8220;.<\/p>\n\n<p><strong>\n  <a href=\"https:\/\/www.linkedin.com\/company\/cps-ingenieros-obra-civil-y-medio-ambiente\/\" target=\"_blank\" data-type=\"URL\" data-id=\"https:\/\/www.linkedin.com\/company\/cps-ingenieros-obra-civil-y-medio-ambiente\/\" rel=\"noreferrer noopener\">LA CPS<\/a>\n<\/strong> remercie la Fondation PONS et la Fondation Ibercaja pour l&#8217;organisation de cet \u00e9v\u00e9nement et pour avoir donn\u00e9 \u00e0 notre coll\u00e8gue l&#8217;opportunit\u00e9 de participer \u00e0 la table ronde.<\/p>\n","protected":false},"excerpt":{"rendered":"<p>Dans le cadre de la Semaine europ\u00e9enne de la mobilit\u00e9, notre coll\u00e8gue Jos\u00e9 Luis Faubel a particip\u00e9 \u00e0 la table ronde de [&hellip;]<\/p>\n","protected":false},"author":9,"featured_media":13604,"comment_status":"closed","ping_status":"open","sticky":false,"template":"","format":"standard","meta":{"footnotes":""},"categories":[109,101],"tags":[],"class_list":["post-13608","post","type-post","status-publish","format-standard","has-post-thumbnail","hentry","category-congres","category-transport"],"_links":{"self":[{"href":"https:\/\/cps.es\/fr\/wp-json\/wp\/v2\/posts\/13608","targetHints":{"allow":["GET"]}}],"collection":[{"href":"https:\/\/cps.es\/fr\/wp-json\/wp\/v2\/posts"}],"about":[{"href":"https:\/\/cps.es\/fr\/wp-json\/wp\/v2\/types\/post"}],"author":[{"embeddable":true,"href":"https:\/\/cps.es\/fr\/wp-json\/wp\/v2\/users\/9"}],"replies":[{"embeddable":true,"href":"https:\/\/cps.es\/fr\/wp-json\/wp\/v2\/comments?post=13608"}],"version-history":[{"count":2,"href":"https:\/\/cps.es\/fr\/wp-json\/wp\/v2\/posts\/13608\/revisions"}],"predecessor-version":[{"id":13611,"href":"https:\/\/cps.es\/fr\/wp-json\/wp\/v2\/posts\/13608\/revisions\/13611"}],"wp:featuredmedia":[{"embeddable":true,"href":"https:\/\/cps.es\/fr\/wp-json\/wp\/v2\/media\/13604"}],"wp:attachment":[{"href":"https:\/\/cps.es\/fr\/wp-json\/wp\/v2\/media?parent=13608"}],"wp:term":[{"taxonomy":"category","embeddable":true,"href":"https:\/\/cps.es\/fr\/wp-json\/wp\/v2\/categories?post=13608"},{"taxonomy":"post_tag","embeddable":true,"href":"https:\/\/cps.es\/fr\/wp-json\/wp\/v2\/tags?post=13608"}],"curies":[{"name":"wp","href":"https:\/\/api.w.org\/{rel}","templated":true}]}}