{"id":16046,"date":"2024-11-29T10:04:26","date_gmt":"2024-11-29T09:04:26","guid":{"rendered":"https:\/\/cps.es\/cps-participez-au-xxie-congres-national-sur-les-infrastructures-a-carthagene-en-colombie\/"},"modified":"2024-11-29T10:04:39","modified_gmt":"2024-11-29T09:04:39","slug":"cps-participez-au-xxie-congres-national-sur-les-infrastructures-a-carthagene-en-colombie","status":"publish","type":"post","link":"https:\/\/cps.es\/fr\/cps-participez-au-xxie-congres-national-sur-les-infrastructures-a-carthagene-en-colombie\/","title":{"rendered":"CPS Participez au XXIe congr\u00e8s national sur les infrastructures \u00e0 Carthag\u00e8ne, en Colombie."},"content":{"rendered":"<div class=\"wp-block-image\">\n<figure class=\"aligncenter size-full is-resized\"><img fetchpriority=\"high\" decoding=\"async\" width=\"912\" height=\"581\" src=\"https:\/\/cps.es\/wp-content\/uploads\/2024\/11\/XXI-Congreso-Infraestructura-Colombia.jpg\" alt=\"\" class=\"wp-image-16040\" style=\"width:626px;height:auto\" srcset=\"https:\/\/cps.es\/wp-content\/uploads\/2024\/11\/XXI-Congreso-Infraestructura-Colombia.jpg 912w, https:\/\/cps.es\/wp-content\/uploads\/2024\/11\/XXI-Congreso-Infraestructura-Colombia-300x191.jpg 300w, https:\/\/cps.es\/wp-content\/uploads\/2024\/11\/XXI-Congreso-Infraestructura-Colombia-768x489.jpg 768w, https:\/\/cps.es\/wp-content\/uploads\/2024\/11\/XXI-Congreso-Infraestructura-Colombia-650x414.jpg 650w\" sizes=\"(max-width: 912px) 100vw, 912px\" \/><\/figure>\n<\/div>\n<hr class=\"wp-block-separator has-alpha-channel-opacity is-style-dots\"\/>\n\n<p><a href=\"https:\/\/www.facebook.com\/latam.cps\" data-type=\"link\" data-id=\"https:\/\/www.facebook.com\/latam.cps\" target=\"_blank\" rel=\"noopener\">CPS <\/a> CPS Jes\u00fas Guerrero, directeur <a href=\"https:\/\/www.facebook.com\/latam.cps\" data-type=\"link\" data-id=\"https:\/\/www.facebook.com\/latam.cps\" target=\"_blank\" rel=\"noopener\"> LATAM <\/a>, et Claudia Contreras, responsable de la Colombie, participent au <strong>XXIe Congr\u00e8s national des infrastructures<\/strong>, qui se tient du 27 au 29 novembre au <strong>Centre des congr\u00e8s de Carthag\u00e8ne<\/strong>.<\/p>\n\n<p>Cet \u00e9v\u00e9nement, organis\u00e9 par la <strong>Chambre colombienne des infrastructures<\/strong>, r\u00e9unit des chefs d&#8217;entreprise, des experts internationaux et des repr\u00e9sentants du gouvernement pour discuter de la durabilit\u00e9, du financement et des avanc\u00e9es technologiques dans le domaine des infrastructures.<\/p>\n\n<p>La pr\u00e9sence de <strong><a href=\"https:\/\/www.linkedin.com\/company\/cps-ingenieros-obra-civil-y-medio-ambiente\/\" data-type=\"link\" data-id=\"https:\/\/www.linkedin.com\/company\/cps-ingenieros-obra-civil-y-medio-ambiente\/\" target=\"_blank\" rel=\"noopener\">CPS <\/a><\/strong>La pr\u00e9sence de la Commission europ\u00e9enne \u00e0 cet \u00e9v\u00e9nement r\u00e9affirme son<strong> engagement<\/strong> en faveur du d\u00e9veloppement durable, de l&#8217;adoption de technologies innovantes et de la mise au point de solutions ayant un impact positif sur les communaut\u00e9s de Colombie et d&#8217;Am\u00e9rique latine.<\/p>\n\n<p><\/p>\n","protected":false},"excerpt":{"rendered":"<p>CPS CPS Jes\u00fas Guerrero, directeur LATAM , et Claudia Contreras, responsable de la Colombie, participent au XXIe Congr\u00e8s national des infrastructures, qui [&hellip;]<\/p>\n","protected":false},"author":9,"featured_media":16042,"comment_status":"closed","ping_status":"open","sticky":false,"template":"","format":"standard","meta":{"footnotes":""},"categories":[109,73],"tags":[],"class_list":["post-16046","post","type-post","status-publish","format-standard","has-post-thumbnail","hentry","category-congres","category-international"],"_links":{"self":[{"href":"https:\/\/cps.es\/fr\/wp-json\/wp\/v2\/posts\/16046","targetHints":{"allow":["GET"]}}],"collection":[{"href":"https:\/\/cps.es\/fr\/wp-json\/wp\/v2\/posts"}],"about":[{"href":"https:\/\/cps.es\/fr\/wp-json\/wp\/v2\/types\/post"}],"author":[{"embeddable":true,"href":"https:\/\/cps.es\/fr\/wp-json\/wp\/v2\/users\/9"}],"replies":[{"embeddable":true,"href":"https:\/\/cps.es\/fr\/wp-json\/wp\/v2\/comments?post=16046"}],"version-history":[{"count":1,"href":"https:\/\/cps.es\/fr\/wp-json\/wp\/v2\/posts\/16046\/revisions"}],"predecessor-version":[{"id":16047,"href":"https:\/\/cps.es\/fr\/wp-json\/wp\/v2\/posts\/16046\/revisions\/16047"}],"wp:featuredmedia":[{"embeddable":true,"href":"https:\/\/cps.es\/fr\/wp-json\/wp\/v2\/media\/16042"}],"wp:attachment":[{"href":"https:\/\/cps.es\/fr\/wp-json\/wp\/v2\/media?parent=16046"}],"wp:term":[{"taxonomy":"category","embeddable":true,"href":"https:\/\/cps.es\/fr\/wp-json\/wp\/v2\/categories?post=16046"},{"taxonomy":"post_tag","embeddable":true,"href":"https:\/\/cps.es\/fr\/wp-json\/wp\/v2\/tags?post=16046"}],"curies":[{"name":"wp","href":"https:\/\/api.w.org\/{rel}","templated":true}]}}