{"id":16128,"date":"2024-12-12T09:30:00","date_gmt":"2024-12-12T08:30:00","guid":{"rendered":"https:\/\/cps.es\/adaptation-maintenance-et-modernisation-du-systeme-de-mesure-et-de-detection-du-trafic-sur-le-reseau-routier-national\/"},"modified":"2024-12-12T09:30:12","modified_gmt":"2024-12-12T08:30:12","slug":"adaptation-maintenance-et-modernisation-du-systeme-de-mesure-et-de-detection-du-trafic-sur-le-reseau-routier-national","status":"publish","type":"post","link":"https:\/\/cps.es\/fr\/adaptation-maintenance-et-modernisation-du-systeme-de-mesure-et-de-detection-du-trafic-sur-le-reseau-routier-national\/","title":{"rendered":"Adaptation, maintenance et modernisation du syst\u00e8me de mesure et de d\u00e9tection du trafic sur le r\u00e9seau routier national."},"content":{"rendered":"<div class=\"wp-block-image is-style-default\">\n<figure class=\"aligncenter size-full\"><img fetchpriority=\"high\" decoding=\"async\" width=\"1000\" height=\"543\" src=\"https:\/\/cps.es\/wp-content\/uploads\/2024\/12\/adecuacion-mantenimiento-y-modernizacion-del-sistema-de-aforos-y-sensorizacion-del-trafico-1.jpg\" alt=\"\" class=\"wp-image-16124\" srcset=\"https:\/\/cps.es\/wp-content\/uploads\/2024\/12\/adecuacion-mantenimiento-y-modernizacion-del-sistema-de-aforos-y-sensorizacion-del-trafico-1.jpg 1000w, https:\/\/cps.es\/wp-content\/uploads\/2024\/12\/adecuacion-mantenimiento-y-modernizacion-del-sistema-de-aforos-y-sensorizacion-del-trafico-1-300x163.jpg 300w, https:\/\/cps.es\/wp-content\/uploads\/2024\/12\/adecuacion-mantenimiento-y-modernizacion-del-sistema-de-aforos-y-sensorizacion-del-trafico-1-768x417.jpg 768w, https:\/\/cps.es\/wp-content\/uploads\/2024\/12\/adecuacion-mantenimiento-y-modernizacion-del-sistema-de-aforos-y-sensorizacion-del-trafico-1-650x353.jpg 650w\" sizes=\"(max-width: 1000px) 100vw, 1000px\" \/><\/figure>\n<\/div>\n<hr class=\"wp-block-separator has-alpha-channel-opacity is-style-dots\"\/>\n\n<p><strong><a href=\"https:\/\/www.linkedin.com\/company\/cps-ingenieros-obra-civil-y-medio-ambiente\/\" data-type=\"link\" data-id=\"https:\/\/www.linkedin.com\/company\/cps-ingenieros-obra-civil-y-medio-ambiente\/\" target=\"_blank\" rel=\"noopener\">CPS<\/a><\/strong> dans le cadre d&#8217;une entreprise commune, r\u00e9alisera l&#8217;adaptation, la maintenance et la modernisation du syst\u00e8me de mesure et de d\u00e9tection du trafic sur le r\u00e9seau routier de l&#8217;\u00c9tat pour la <strong>direction g\u00e9n\u00e9rale des routes.<\/strong> <\/p>\n\n<p>Le projet vise \u00e0 mettre \u00e0 jour et \u00e0 am\u00e9liorer les plus de <strong>3 400 stations de jaugeage<\/strong> du r\u00e9seau routier national, qui sont essentielles \u00e0 l&#8217;analyse et \u00e0 la gestion du trafic. Les principales activit\u00e9s comprennent l&#8217;<strong> entretien et la modernisation des stations de jaugeage et de pesage dynamique<\/strong>, en les adaptant aux besoins technologiques actuels et en am\u00e9liorant leur capacit\u00e9 \u00e0 transmettre des donn\u00e9es en temps r\u00e9el. <\/p>\n\n<p>De plus, de <strong>nouvelles technologies<\/strong> seront int\u00e9gr\u00e9es pour optimiser la qualit\u00e9 de l&#8217;information, comme la d\u00e9tection des <strong>usagers vuln\u00e9rables<\/strong> (v\u00e9los) et la mise en place de <strong>syst\u00e8mes de comptage avanc\u00e9s<\/strong>. Les \u00e9quipements et syst\u00e8mes de communication seront \u00e9galement mis \u00e0 niveau pour assurer la continuit\u00e9 de la transmission des donn\u00e9es apr\u00e8s l&#8217;arr\u00eat des r\u00e9seaux 2G et 3G, garantissant ainsi une infrastructure plus efficace, entre autres. <\/p>\n","protected":false},"excerpt":{"rendered":"<p>CPS dans le cadre d&#8217;une entreprise commune, r\u00e9alisera l&#8217;adaptation, la maintenance et la modernisation du syst\u00e8me de mesure et de d\u00e9tection du [&hellip;]<\/p>\n","protected":false},"author":9,"featured_media":16126,"comment_status":"closed","ping_status":"open","sticky":false,"template":"","format":"standard","meta":{"footnotes":""},"categories":[185,101],"tags":[],"class_list":["post-16128","post","type-post","status-publish","format-standard","has-post-thumbnail","hentry","category-installations","category-transport"],"_links":{"self":[{"href":"https:\/\/cps.es\/fr\/wp-json\/wp\/v2\/posts\/16128","targetHints":{"allow":["GET"]}}],"collection":[{"href":"https:\/\/cps.es\/fr\/wp-json\/wp\/v2\/posts"}],"about":[{"href":"https:\/\/cps.es\/fr\/wp-json\/wp\/v2\/types\/post"}],"author":[{"embeddable":true,"href":"https:\/\/cps.es\/fr\/wp-json\/wp\/v2\/users\/9"}],"replies":[{"embeddable":true,"href":"https:\/\/cps.es\/fr\/wp-json\/wp\/v2\/comments?post=16128"}],"version-history":[{"count":1,"href":"https:\/\/cps.es\/fr\/wp-json\/wp\/v2\/posts\/16128\/revisions"}],"predecessor-version":[{"id":16129,"href":"https:\/\/cps.es\/fr\/wp-json\/wp\/v2\/posts\/16128\/revisions\/16129"}],"wp:featuredmedia":[{"embeddable":true,"href":"https:\/\/cps.es\/fr\/wp-json\/wp\/v2\/media\/16126"}],"wp:attachment":[{"href":"https:\/\/cps.es\/fr\/wp-json\/wp\/v2\/media?parent=16128"}],"wp:term":[{"taxonomy":"category","embeddable":true,"href":"https:\/\/cps.es\/fr\/wp-json\/wp\/v2\/categories?post=16128"},{"taxonomy":"post_tag","embeddable":true,"href":"https:\/\/cps.es\/fr\/wp-json\/wp\/v2\/tags?post=16128"}],"curies":[{"name":"wp","href":"https:\/\/api.w.org\/{rel}","templated":true}]}}