{"id":16384,"date":"2025-02-21T11:41:38","date_gmt":"2025-02-21T10:41:38","guid":{"rendered":"https:\/\/cps.es\/cps-participe-au-xxve-congres-espagnol-sur-les-sti\/"},"modified":"2025-02-21T11:43:30","modified_gmt":"2025-02-21T10:43:30","slug":"cps-participe-au-xxve-congres-espagnol-sur-les-sti","status":"publish","type":"post","link":"https:\/\/cps.es\/fr\/cps-participe-au-xxve-congres-espagnol-sur-les-sti\/","title":{"rendered":"CPS participe au XXVe congr\u00e8s espagnol de l&#8217;ITS"},"content":{"rendered":"\n<figure class=\"wp-block-gallery has-nested-images columns-default is-cropped wp-block-gallery-1 is-layout-flex wp-block-gallery-is-layout-flex\"><div class=\"wp-block-image\">\n<figure class=\"aligncenter size-large\"><img fetchpriority=\"high\" decoding=\"async\" width=\"1000\" height=\"386\" data-id=\"16374\" src=\"https:\/\/cps.es\/wp-content\/uploads\/2025\/02\/web-02-1.jpg\" alt=\"\" class=\"wp-image-16374\" srcset=\"https:\/\/cps.es\/wp-content\/uploads\/2025\/02\/web-02-1.jpg 1000w, https:\/\/cps.es\/wp-content\/uploads\/2025\/02\/web-02-1-300x116.jpg 300w, https:\/\/cps.es\/wp-content\/uploads\/2025\/02\/web-02-1-768x296.jpg 768w, https:\/\/cps.es\/wp-content\/uploads\/2025\/02\/web-02-1-650x251.jpg 650w\" sizes=\"(max-width: 1000px) 100vw, 1000px\" \/><\/figure>\n<\/div>\n\n\n<figure class=\"wp-block-image size-large\"><img decoding=\"async\" width=\"1000\" height=\"594\" data-id=\"16378\" src=\"https:\/\/cps.es\/wp-content\/uploads\/2025\/02\/web-03-1.jpg\" alt=\"\" class=\"wp-image-16378\" srcset=\"https:\/\/cps.es\/wp-content\/uploads\/2025\/02\/web-03-1.jpg 1000w, https:\/\/cps.es\/wp-content\/uploads\/2025\/02\/web-03-1-300x178.jpg 300w, https:\/\/cps.es\/wp-content\/uploads\/2025\/02\/web-03-1-768x456.jpg 768w, https:\/\/cps.es\/wp-content\/uploads\/2025\/02\/web-03-1-650x386.jpg 650w\" sizes=\"(max-width: 1000px) 100vw, 1000px\" \/><\/figure>\n\n\n\n<figure class=\"wp-block-image size-large\"><img decoding=\"async\" width=\"1000\" height=\"562\" data-id=\"16372\" src=\"https:\/\/cps.es\/wp-content\/uploads\/2025\/02\/web-04-1.jpg\" alt=\"\" class=\"wp-image-16372\" srcset=\"https:\/\/cps.es\/wp-content\/uploads\/2025\/02\/web-04-1.jpg 1000w, https:\/\/cps.es\/wp-content\/uploads\/2025\/02\/web-04-1-300x169.jpg 300w, https:\/\/cps.es\/wp-content\/uploads\/2025\/02\/web-04-1-768x432.jpg 768w, https:\/\/cps.es\/wp-content\/uploads\/2025\/02\/web-04-1-650x365.jpg 650w\" sizes=\"(max-width: 1000px) 100vw, 1000px\" \/><\/figure>\n<\/figure>\n\n<hr class=\"wp-block-separator has-alpha-channel-opacity is-style-dots\"\/>\n\n<p>Lors de la 25e \u00e9dition du <strong>congr\u00e8s ITS espagnol<\/strong>, nous avons eu l&#8217;honneur de parrainer et de participer activement \u00e0 deux sessions sur le trafic interurbain :<\/p>\n\n<p><strong>\u279c Syst\u00e8mes d&#8217;alerte pour les v\u00e9hicules hors contr\u00f4le.<br\/>\u279c Les syst\u00e8mes d&#8217;empochage aux niveaux d&#8217;alerte de chute de neige.  <\/strong><\/p>\n\n<p>Nous sommes \u00e9galement fiers d&#8217;avoir <strong>remport\u00e9<\/strong> les <strong>prix ITS Spain 2025<\/strong> dans la cat\u00e9gorie <strong>ITS pour la gestion du trafic<\/strong>, en reconnaissance de nos ant\u00e9c\u00e9dents, de notre engagement et de notre innovation dans le d\u00e9veloppement de syst\u00e8mes de transport intelligents au niveau national et international.<\/p>\n\n<p>Un grand merci \u00e0 l&#8217;\u00e9quipe <strong><a href=\"https:\/\/www.linkedin.com\/company\/cps-ingenieros-obra-civil-y-medio-ambiente\/\" data-type=\"link\" data-id=\"https:\/\/www.linkedin.com\/company\/cps-ingenieros-obra-civil-y-medio-ambiente\/\" target=\"_blank\" rel=\"noopener\">l&#8217;\u00e9quipe CPS<\/a><\/strong>dont le d\u00e9vouement et le talent ont \u00e9t\u00e9 essentiels \u00e0 cette r\u00e9alisation.<\/p>\n\n<p>Merci \u00e0 l <strong>&#8216;ITS Espagne, aux<\/strong> collaborateurs et aux participants d&#8217;avoir fait de ce congr\u00e8s une exp\u00e9rience si enrichissante.<\/p>\n\n<p><\/p>\n","protected":false},"excerpt":{"rendered":"<p>Lors de la 25e \u00e9dition du congr\u00e8s ITS espagnol, nous avons eu l&#8217;honneur de parrainer et de participer activement \u00e0 deux sessions [&hellip;]<\/p>\n","protected":false},"author":9,"featured_media":16380,"comment_status":"closed","ping_status":"open","sticky":false,"template":"","format":"standard","meta":{"footnotes":""},"categories":[109,95],"tags":[],"class_list":["post-16384","post","type-post","status-publish","format-standard","has-post-thumbnail","hentry","category-congres","category-cps-fr"],"_links":{"self":[{"href":"https:\/\/cps.es\/fr\/wp-json\/wp\/v2\/posts\/16384","targetHints":{"allow":["GET"]}}],"collection":[{"href":"https:\/\/cps.es\/fr\/wp-json\/wp\/v2\/posts"}],"about":[{"href":"https:\/\/cps.es\/fr\/wp-json\/wp\/v2\/types\/post"}],"author":[{"embeddable":true,"href":"https:\/\/cps.es\/fr\/wp-json\/wp\/v2\/users\/9"}],"replies":[{"embeddable":true,"href":"https:\/\/cps.es\/fr\/wp-json\/wp\/v2\/comments?post=16384"}],"version-history":[{"count":8,"href":"https:\/\/cps.es\/fr\/wp-json\/wp\/v2\/posts\/16384\/revisions"}],"predecessor-version":[{"id":16399,"href":"https:\/\/cps.es\/fr\/wp-json\/wp\/v2\/posts\/16384\/revisions\/16399"}],"wp:featuredmedia":[{"embeddable":true,"href":"https:\/\/cps.es\/fr\/wp-json\/wp\/v2\/media\/16380"}],"wp:attachment":[{"href":"https:\/\/cps.es\/fr\/wp-json\/wp\/v2\/media?parent=16384"}],"wp:term":[{"taxonomy":"category","embeddable":true,"href":"https:\/\/cps.es\/fr\/wp-json\/wp\/v2\/categories?post=16384"},{"taxonomy":"post_tag","embeddable":true,"href":"https:\/\/cps.es\/fr\/wp-json\/wp\/v2\/tags?post=16384"}],"curies":[{"name":"wp","href":"https:\/\/api.w.org\/{rel}","templated":true}]}}