{"id":16467,"date":"2025-03-18T08:28:48","date_gmt":"2025-03-18T07:28:48","guid":{"rendered":"https:\/\/cps.es\/cps-sponsor-de-movilia-le-1er-congres-sur-la-mobilite-du-metro-de-medellin\/"},"modified":"2025-03-18T08:28:58","modified_gmt":"2025-03-18T07:28:58","slug":"cps-sponsor-de-movilia-le-1er-congres-sur-la-mobilite-du-metro-de-medellin","status":"publish","type":"post","link":"https:\/\/cps.es\/fr\/cps-sponsor-de-movilia-le-1er-congres-sur-la-mobilite-du-metro-de-medellin\/","title":{"rendered":"CPS sponsor de Movilia, le 1er congr\u00e8s sur la mobilit\u00e9 du m\u00e9tro de Medellin"},"content":{"rendered":"\n<figure class=\"wp-block-gallery has-nested-images columns-default is-cropped wp-block-gallery-1 is-layout-flex wp-block-gallery-is-layout-flex\">\n<figure class=\"wp-block-image size-large\"><img fetchpriority=\"high\" decoding=\"async\" width=\"1024\" height=\"629\" data-id=\"16457\" src=\"https:\/\/cps.es\/wp-content\/uploads\/2025\/03\/01-web-1024x629.jpg\" alt=\"\" class=\"wp-image-16457\" srcset=\"https:\/\/cps.es\/wp-content\/uploads\/2025\/03\/01-web-1024x629.jpg 1024w, https:\/\/cps.es\/wp-content\/uploads\/2025\/03\/01-web-300x184.jpg 300w, https:\/\/cps.es\/wp-content\/uploads\/2025\/03\/01-web-768x472.jpg 768w, https:\/\/cps.es\/wp-content\/uploads\/2025\/03\/01-web-1536x943.jpg 1536w, https:\/\/cps.es\/wp-content\/uploads\/2025\/03\/01-web-650x399.jpg 650w, https:\/\/cps.es\/wp-content\/uploads\/2025\/03\/01-web.jpg 1830w\" sizes=\"(max-width: 1024px) 100vw, 1024px\" \/><\/figure>\n\n\n\n<figure class=\"wp-block-image size-large\"><img decoding=\"async\" width=\"1024\" height=\"649\" data-id=\"16454\" src=\"https:\/\/cps.es\/wp-content\/uploads\/2025\/03\/02-web-1024x649.jpg\" alt=\"\" class=\"wp-image-16454\" srcset=\"https:\/\/cps.es\/wp-content\/uploads\/2025\/03\/02-web-1024x649.jpg 1024w, https:\/\/cps.es\/wp-content\/uploads\/2025\/03\/02-web-300x190.jpg 300w, https:\/\/cps.es\/wp-content\/uploads\/2025\/03\/02-web-768x487.jpg 768w, https:\/\/cps.es\/wp-content\/uploads\/2025\/03\/02-web-650x412.jpg 650w, https:\/\/cps.es\/wp-content\/uploads\/2025\/03\/02-web.jpg 1401w\" sizes=\"(max-width: 1024px) 100vw, 1024px\" \/><\/figure>\n\n\n\n<figure class=\"wp-block-image size-large\"><img decoding=\"async\" width=\"1024\" height=\"768\" data-id=\"16460\" src=\"https:\/\/cps.es\/wp-content\/uploads\/2025\/03\/04-web-1-1024x768.jpg\" alt=\"\" class=\"wp-image-16460\" srcset=\"https:\/\/cps.es\/wp-content\/uploads\/2025\/03\/04-web-1-1024x768.jpg 1024w, https:\/\/cps.es\/wp-content\/uploads\/2025\/03\/04-web-1-300x225.jpg 300w, https:\/\/cps.es\/wp-content\/uploads\/2025\/03\/04-web-1-768x576.jpg 768w, https:\/\/cps.es\/wp-content\/uploads\/2025\/03\/04-web-1-650x488.jpg 650w, https:\/\/cps.es\/wp-content\/uploads\/2025\/03\/04-web-1.jpg 1280w\" sizes=\"(max-width: 1024px) 100vw, 1024px\" \/><\/figure>\n\n\n\n<figure class=\"wp-block-image size-large\"><img loading=\"lazy\" decoding=\"async\" width=\"1024\" height=\"768\" data-id=\"16451\" src=\"https:\/\/cps.es\/wp-content\/uploads\/2025\/03\/03-web-1024x768.jpg\" alt=\"\" class=\"wp-image-16451\" srcset=\"https:\/\/cps.es\/wp-content\/uploads\/2025\/03\/03-web-1024x768.jpg 1024w, https:\/\/cps.es\/wp-content\/uploads\/2025\/03\/03-web-300x225.jpg 300w, https:\/\/cps.es\/wp-content\/uploads\/2025\/03\/03-web-768x576.jpg 768w, https:\/\/cps.es\/wp-content\/uploads\/2025\/03\/03-web-1536x1152.jpg 1536w, https:\/\/cps.es\/wp-content\/uploads\/2025\/03\/03-web-650x488.jpg 650w, https:\/\/cps.es\/wp-content\/uploads\/2025\/03\/03-web.jpg 1600w\" sizes=\"(max-width: 1024px) 100vw, 1024px\" \/><\/figure>\n\n\n<\/figure>\n\n<hr class=\"wp-block-separator has-alpha-channel-opacity is-style-dots\"\/>\n\n<p>Du 12 au 14 mars, <strong><a href=\"https:\/\/www.linkedin.com\/company\/cps-ingenieros-obra-civil-y-medio-ambiente\/\" target=\"_blank\" rel=\"noopener\">CPS<\/a><\/strong> a particip\u00e9 \u00e0 <strong><a href=\"https:\/\/movilia.co\/\" data-type=\"link\" data-id=\"https:\/\/movilia.co\/\" target=\"_blank\" rel=\"noopener\">Movilia <\/a><\/strong>2025, le premier <strong>congr\u00e8s sur la mobilit\u00e9 de Metro de Medell\u00edn<\/strong>, en collaboration avec l&#8217;<strong>Universidad Pontificia Bolivariana<\/strong>.<br\/><br\/>Au cours de ces journ\u00e9es au UPB <strong>Forum Events Centre<\/strong>, nous avons assist\u00e9 \u00e0 des pr\u00e9sentations sur la mobilit\u00e9 durable, la r\u00e9activation du transport ferroviaire et l&#8217;innovation dans l&#8217;exploitation des transports, en compagnie d&#8217;experts nationaux et internationaux.<\/p>\n\n<p><br\/>En tant que sponsor de l&#8217;\u00e9v\u00e9nement, nous r\u00e9affirmons notre engagement dans le d\u00e9veloppement de solutions efficaces pour le secteur et nous nous r\u00e9jouissons de continuer \u00e0 contribuer \u00e0 ces espaces de dialogue et de collaboration.<\/p>\n\n<p>D&#8217;autre part, CPS, le <strong>bureau \u00e9conomique et commercial de l&#8217;ambassade d&#8217;Espagne en Colombie<\/strong> et diff\u00e9rentes entreprises espagnoles du secteur ont visit\u00e9 l&#8217;<strong>agence de coop\u00e9ration et d&#8217;investissement de Medellin et de la r\u00e9gion m\u00e9tropolitaine<\/strong> afin d&#8217;obtenir des informations de premi\u00e8re main sur les projets strat\u00e9giques qui d\u00e9finiront l&#8217;avenir du transport dans la r\u00e9gion d&#8217;Antioquia.<\/p>\n\n<p><\/p>\n","protected":false},"excerpt":{"rendered":"<p>Du 12 au 14 mars, CPS a particip\u00e9 \u00e0 Movilia 2025, le premier congr\u00e8s sur la mobilit\u00e9 de Metro de Medell\u00edn, en [&hellip;]<\/p>\n","protected":false},"author":9,"featured_media":16462,"comment_status":"closed","ping_status":"open","sticky":false,"template":"","format":"standard","meta":{"footnotes":""},"categories":[109,95,73],"tags":[],"class_list":["post-16467","post","type-post","status-publish","format-standard","has-post-thumbnail","hentry","category-congres","category-cps-fr","category-international"],"_links":{"self":[{"href":"https:\/\/cps.es\/fr\/wp-json\/wp\/v2\/posts\/16467","targetHints":{"allow":["GET"]}}],"collection":[{"href":"https:\/\/cps.es\/fr\/wp-json\/wp\/v2\/posts"}],"about":[{"href":"https:\/\/cps.es\/fr\/wp-json\/wp\/v2\/types\/post"}],"author":[{"embeddable":true,"href":"https:\/\/cps.es\/fr\/wp-json\/wp\/v2\/users\/9"}],"replies":[{"embeddable":true,"href":"https:\/\/cps.es\/fr\/wp-json\/wp\/v2\/comments?post=16467"}],"version-history":[{"count":1,"href":"https:\/\/cps.es\/fr\/wp-json\/wp\/v2\/posts\/16467\/revisions"}],"predecessor-version":[{"id":16469,"href":"https:\/\/cps.es\/fr\/wp-json\/wp\/v2\/posts\/16467\/revisions\/16469"}],"wp:featuredmedia":[{"embeddable":true,"href":"https:\/\/cps.es\/fr\/wp-json\/wp\/v2\/media\/16462"}],"wp:attachment":[{"href":"https:\/\/cps.es\/fr\/wp-json\/wp\/v2\/media?parent=16467"}],"wp:term":[{"taxonomy":"category","embeddable":true,"href":"https:\/\/cps.es\/fr\/wp-json\/wp\/v2\/categories?post=16467"},{"taxonomy":"post_tag","embeddable":true,"href":"https:\/\/cps.es\/fr\/wp-json\/wp\/v2\/tags?post=16467"}],"curies":[{"name":"wp","href":"https:\/\/api.w.org\/{rel}","templated":true}]}}