{"id":16581,"date":"2025-05-06T08:44:35","date_gmt":"2025-05-06T06:44:35","guid":{"rendered":"https:\/\/cps.es\/amelioration-de-la-connexion-entre-le-metropolitano-et-la-ligne-1-du-metro-de-lima-perou\/"},"modified":"2025-05-06T08:56:37","modified_gmt":"2025-05-06T06:56:37","slug":"amelioration-de-la-connexion-entre-le-metropolitano-et-la-ligne-1-du-metro-de-lima-perou","status":"publish","type":"post","link":"https:\/\/cps.es\/fr\/amelioration-de-la-connexion-entre-le-metropolitano-et-la-ligne-1-du-metro-de-lima-perou\/","title":{"rendered":"Am\u00e9lioration de la connexion entre le Metropolitano et la ligne 1 du m\u00e9tro de Lima (P\u00e9rou)"},"content":{"rendered":"<div class=\"wp-block-image\">\n<figure class=\"aligncenter size-large is-resized\"><img fetchpriority=\"high\" decoding=\"async\" width=\"1024\" height=\"608\" src=\"https:\/\/cps.es\/wp-content\/uploads\/2025\/05\/mejora-movilidad-urbana-metropolitano-linea-1-metro-lima-peru-1024x608.jpg\" alt=\"\" class=\"wp-image-16575\" style=\"width:730px;height:auto\" srcset=\"https:\/\/cps.es\/wp-content\/uploads\/2025\/05\/mejora-movilidad-urbana-metropolitano-linea-1-metro-lima-peru-1024x608.jpg 1024w, https:\/\/cps.es\/wp-content\/uploads\/2025\/05\/mejora-movilidad-urbana-metropolitano-linea-1-metro-lima-peru-300x178.jpg 300w, https:\/\/cps.es\/wp-content\/uploads\/2025\/05\/mejora-movilidad-urbana-metropolitano-linea-1-metro-lima-peru-768x456.jpg 768w, https:\/\/cps.es\/wp-content\/uploads\/2025\/05\/mejora-movilidad-urbana-metropolitano-linea-1-metro-lima-peru-650x386.jpg 650w, https:\/\/cps.es\/wp-content\/uploads\/2025\/05\/mejora-movilidad-urbana-metropolitano-linea-1-metro-lima-peru.jpg 1092w\" sizes=\"(max-width: 1024px) 100vw, 1024px\" \/><figcaption class=\"wp-element-caption\">Photo : EMAPE<\/figcaption><\/figure>\n<\/div>\n<hr class=\"wp-block-separator has-alpha-channel-opacity is-style-dots\"\/>\n\n<p><strong><a href=\"https:\/\/www.facebook.com\/latam.cps\" target=\"_blank\" rel=\"noopener\">CPS P\u00e9rou<\/a><\/strong> L&#8217;entreprise, en consortium, supervisera la <strong>pr\u00e9paration du dossier technique<\/strong> et l&#8217;<strong>ex\u00e9cution des travaux d&#8217;<\/strong> <strong>am\u00e9lioration de la mobilit\u00e9 urbaine<\/strong> entre la <strong>station centrale du Metropolitano<\/strong> et la <strong>station Miguel Grau de la ligne 1 du m\u00e9tro de Lima.<\/strong><\/p>\n\n<p>Ce projet, g\u00e9r\u00e9 par l <strong><a href=\"https:\/\/www.emape.gob.pe\/noticia\/436\" data-type=\"link\" data-id=\"https:\/\/www.emape.gob.pe\/noticia\/436\" target=\"_blank\" rel=\"noopener\">Empresa Municipal de Apoyo a Proyectos Estrat\u00e9gicos (EMAPE)<\/a><\/strong> et soutenu par la municipalit\u00e9 m\u00e9tropolitaine de Lima, b\u00e9n\u00e9ficiera \u00e0 plus de <strong>10 millions d&#8217;habitants<\/strong> en optimisant la connexion entre deux syst\u00e8mes de transport de masse essentiels : le Metropolitano et la ligne 1 du m\u00e9tro de Lima.<\/p>\n\n<p>Avec un investissement de <strong>100 millions de soles<\/strong>, la construction d&#8217;un corridor de <strong>2,8 kilom\u00e8tres <\/strong>le long de la voie rapide Via Grau est envisag\u00e9e, qui comprendra quatre stations interm\u00e9diaires : Abancay, Nicol\u00e1s de Pi\u00e9rola, Parinacochas et Nicol\u00e1s Ayll\u00f3n.<\/p>\n\n<p><\/p>\n","protected":false},"excerpt":{"rendered":"<p>CPS P\u00e9rou L&#8217;entreprise, en consortium, supervisera la pr\u00e9paration du dossier technique et l&#8217;ex\u00e9cution des travaux d&#8217; am\u00e9lioration de la mobilit\u00e9 urbaine entre [&hellip;]<\/p>\n","protected":false},"author":9,"featured_media":16577,"comment_status":"closed","ping_status":"open","sticky":false,"template":"","format":"standard","meta":{"footnotes":""},"categories":[97,73],"tags":[],"class_list":["post-16581","post","type-post","status-publish","format-standard","has-post-thumbnail","hentry","category-civil-fr","category-international"],"_links":{"self":[{"href":"https:\/\/cps.es\/fr\/wp-json\/wp\/v2\/posts\/16581","targetHints":{"allow":["GET"]}}],"collection":[{"href":"https:\/\/cps.es\/fr\/wp-json\/wp\/v2\/posts"}],"about":[{"href":"https:\/\/cps.es\/fr\/wp-json\/wp\/v2\/types\/post"}],"author":[{"embeddable":true,"href":"https:\/\/cps.es\/fr\/wp-json\/wp\/v2\/users\/9"}],"replies":[{"embeddable":true,"href":"https:\/\/cps.es\/fr\/wp-json\/wp\/v2\/comments?post=16581"}],"version-history":[{"count":2,"href":"https:\/\/cps.es\/fr\/wp-json\/wp\/v2\/posts\/16581\/revisions"}],"predecessor-version":[{"id":16615,"href":"https:\/\/cps.es\/fr\/wp-json\/wp\/v2\/posts\/16581\/revisions\/16615"}],"wp:featuredmedia":[{"embeddable":true,"href":"https:\/\/cps.es\/fr\/wp-json\/wp\/v2\/media\/16577"}],"wp:attachment":[{"href":"https:\/\/cps.es\/fr\/wp-json\/wp\/v2\/media?parent=16581"}],"wp:term":[{"taxonomy":"category","embeddable":true,"href":"https:\/\/cps.es\/fr\/wp-json\/wp\/v2\/categories?post=16581"},{"taxonomy":"post_tag","embeddable":true,"href":"https:\/\/cps.es\/fr\/wp-json\/wp\/v2\/tags?post=16581"}],"curies":[{"name":"wp","href":"https:\/\/api.w.org\/{rel}","templated":true}]}}