{"id":16660,"date":"2025-05-09T09:07:09","date_gmt":"2025-05-09T07:07:09","guid":{"rendered":"https:\/\/cps.es\/cps-participe-aux-travaux-durgence-sur-le-cv-50-a-cheste\/"},"modified":"2025-05-09T09:09:32","modified_gmt":"2025-05-09T07:09:32","slug":"cps-participe-aux-travaux-durgence-sur-le-cv-50-a-cheste","status":"publish","type":"post","link":"https:\/\/cps.es\/fr\/cps-participe-aux-travaux-durgence-sur-le-cv-50-a-cheste\/","title":{"rendered":"CPS poursuit les travaux de r\u00e9paration d&#8217;urgence du pont CV-50 (Cheste)"},"content":{"rendered":"\n<figure class=\"wp-block-embed is-type-video is-provider-youtube wp-block-embed-youtube wp-embed-aspect-16-9 wp-has-aspect-ratio\"><div class=\"wp-block-embed__wrapper\">\n<iframe title=\"Obras Emergencia Cheste - PK 74 y PK 76 de la CV-50\" width=\"1000\" height=\"563\" src=\"https:\/\/www.youtube.com\/embed\/on3YcH9452I?feature=oembed\" frameborder=\"0\" allow=\"accelerometer; autoplay; clipboard-write; encrypted-media; gyroscope; picture-in-picture; web-share\" referrerpolicy=\"strict-origin-when-cross-origin\" allowfullscreen><\/iframe>\n<\/div><\/figure>\n\n<hr class=\"wp-block-separator has-alpha-channel-opacity is-style-dots\"\/>\n\n<p>La <strong>Conseller\u00eda de Medio Ambiente, Infraestructuras y Territorio<\/strong> de la <strong>Generalitat Valenciana<\/strong> a confi\u00e9 \u00e0 l&#8217;entreprise <strong><a href=\"https:\/\/www.linkedin.com\/company\/cps-ingenieros-obra-civil-y-medio-ambiente\/\" target=\"_blank\" rel=\"noopener\">CPS<\/a><\/strong> de r\u00e9aliser les services de <strong>gestion de chantier et de coordination de la s\u00e9curit\u00e9 et de la sant\u00e9<\/strong> pour les <strong>travaux de<\/strong> r\u00e9paration d&#8217;<strong>urgence<\/strong> des ponts situ\u00e9s aux points kilom\u00e9triques <strong>74 et 76 de la CV-50 \u00e0 Cheste,<\/strong> gravement touch\u00e9s par l&#8217;ouragan du 29 octobre dernier.<\/p>\n\n<p>Parmi les actions men\u00e9es, on peut citer la restauration du pont du <strong>PK 74+000,<\/strong> qui comprend la construction d&#8217;une d\u00e9viation provisoire sous la forme d&#8217;un ralentisseur inondable apr\u00e8s l&#8217;enl\u00e8vement de la structure militaire initialement install\u00e9e par l&#8217;UME. Cette d\u00e9viation <strong>\u00e0 deux voies de<\/strong> <strong>480 m\u00e8tres de long<\/strong> a consid\u00e9rablement am\u00e9lior\u00e9 la fluidit\u00e9 du trafic dans la zone pendant que la reconstruction du pont d&#8217;origine progresse.<\/p>\n\n<p>Le travail de CPS comprend \u00e9galement la supervision du projet de construction, qui inclut des \u00e9tudes g\u00e9otechniques, topographiques, hydrog\u00e9ologiques, hydrauliques et structurelles, ainsi que la r\u00e9paration du tablier du pont, la construction d&#8217;un brise-lames de protection, le nettoyage du lit de la rivi\u00e8re, le renforcement de la plate-forme routi\u00e8re et le remplacement des services concern\u00e9s.<\/p>\n\n<p>En ce qui concerne le pont situ\u00e9 au<strong> PK 76+200<\/strong>, une d\u00e9viation avec circulation alternative a \u00e9t\u00e9 mise en place et des travaux ult\u00e9rieurs ont \u00e9t\u00e9 r\u00e9alis\u00e9s pour remplacer les remblais d&#8217;acc\u00e8s, la construction d&#8217;un brise-lames de protection, le remplacement de la barri\u00e8re de s\u00e9curit\u00e9 et du parapet, le nettoyage du lit de la rivi\u00e8re, le renforcement de la plate-forme de la route et le remplacement des services concern\u00e9s.  <\/p>\n\n<p>Gr\u00e2ce \u00e0 ces interventions, le trafic a \u00e9t\u00e9 enti\u00e8rement r\u00e9tabli \u00e0 cet endroit sur la CV-50 sans restrictions.<\/p>\n\n<p>Depuis CPS <strong>, nous sommes reconnaissants de la confiance accord\u00e9e<\/strong> par la Generalitat Valenciana \u00e0 notre entreprise pour r\u00e9aliser ces importants travaux d&#8217;urgence, qui sont essentiels pour r\u00e9tablir la connectivit\u00e9 dans la municipalit\u00e9 de Cheste.<\/p>\n\n<p><\/p>\n","protected":false},"excerpt":{"rendered":"<p>La Conseller\u00eda de Medio Ambiente, Infraestructuras y Territorio de la Generalitat Valenciana a confi\u00e9 \u00e0 l&#8217;entreprise CPS de r\u00e9aliser les services de [&hellip;]<\/p>\n","protected":false},"author":9,"featured_media":16657,"comment_status":"closed","ping_status":"open","sticky":false,"template":"","format":"standard","meta":{"footnotes":""},"categories":[97,96],"tags":[],"class_list":["post-16660","post","type-post","status-publish","format-standard","has-post-thumbnail","hentry","category-civil-fr","category-valence"],"_links":{"self":[{"href":"https:\/\/cps.es\/fr\/wp-json\/wp\/v2\/posts\/16660","targetHints":{"allow":["GET"]}}],"collection":[{"href":"https:\/\/cps.es\/fr\/wp-json\/wp\/v2\/posts"}],"about":[{"href":"https:\/\/cps.es\/fr\/wp-json\/wp\/v2\/types\/post"}],"author":[{"embeddable":true,"href":"https:\/\/cps.es\/fr\/wp-json\/wp\/v2\/users\/9"}],"replies":[{"embeddable":true,"href":"https:\/\/cps.es\/fr\/wp-json\/wp\/v2\/comments?post=16660"}],"version-history":[{"count":4,"href":"https:\/\/cps.es\/fr\/wp-json\/wp\/v2\/posts\/16660\/revisions"}],"predecessor-version":[{"id":16670,"href":"https:\/\/cps.es\/fr\/wp-json\/wp\/v2\/posts\/16660\/revisions\/16670"}],"wp:featuredmedia":[{"embeddable":true,"href":"https:\/\/cps.es\/fr\/wp-json\/wp\/v2\/media\/16657"}],"wp:attachment":[{"href":"https:\/\/cps.es\/fr\/wp-json\/wp\/v2\/media?parent=16660"}],"wp:term":[{"taxonomy":"category","embeddable":true,"href":"https:\/\/cps.es\/fr\/wp-json\/wp\/v2\/categories?post=16660"},{"taxonomy":"post_tag","embeddable":true,"href":"https:\/\/cps.es\/fr\/wp-json\/wp\/v2\/tags?post=16660"}],"curies":[{"name":"wp","href":"https:\/\/api.w.org\/{rel}","templated":true}]}}