{"id":16714,"date":"2025-05-22T08:34:11","date_gmt":"2025-05-22T06:34:11","guid":{"rendered":"https:\/\/cps.es\/cps-participe-au-xvie-congres-europeen-de-lits\/"},"modified":"2025-05-30T09:26:11","modified_gmt":"2025-05-30T07:26:11","slug":"cps-participe-au-xvie-congres-europeen-de-lits","status":"publish","type":"post","link":"https:\/\/cps.es\/fr\/cps-participe-au-xvie-congres-europeen-de-lits\/","title":{"rendered":"CPS participe au XVIe congr\u00e8s europ\u00e9en de l&#8217;ITS"},"content":{"rendered":"\n<script src=\"https:\/\/cdn.jsdelivr.net\/npm\/publicalbum@latest\/embed-ui.min.js\" async=\"\"><\/script>\n<div class=\"pa-carousel-widget\" style=\"width:100%; height:480px; display:none;\" data-link=\"https:\/\/photos.app.goo.gl\/ckSiYZfmqLGqzVTm8\" data-title=\"ITS European Congress 2025 - Sevilla\" data-description=\"Shared album \u00b7 Tap to view!\">\n  <object data=\"https:\/\/lh3.googleusercontent.com\/pw\/AP1GczNur_tH_A0wQylnNLezbzC1xQGrgLC27hnfr5CBfg-EgekZiCOB3o7AUToxki1P_oqMrSdyECXtltFx52NJVrySnfh-rQ5RzE-Dmo0NB5n5hKfelEE=w1920-h1080\"><\/object>\n  <object data=\"https:\/\/lh3.googleusercontent.com\/pw\/AP1GczNM887OUAriGFTs8sUSO0n42_Zg-yjPw42JX15jwfY1av3dk5K9ERIHhiJXDIK7SQyFB_cN3njOePtX_yQvFbP7_vMThcCOriXw6CZEG-MmAhWRiLY=w1920-h1080\"><\/object>\n  <object data=\"https:\/\/lh3.googleusercontent.com\/pw\/AP1GczNtkrY2o9dZpuJ67Addox7X37WAKE3KNPSisoTdgE2Y0jHED_oTKGZJrggYZkuXEpFzVY_n8CviQU2eZra75fEigVi76rRpvZzc6hvCwdhpYZSBHlg=w1920-h1080\"><\/object>\n  <object data=\"https:\/\/lh3.googleusercontent.com\/pw\/AP1GczM6c2Sjf4JyaWvq7wXV76yWllS2VAmT8GxlEVcD1fXt4_S7M5TsA9lC44C7inFnIf4_Z50W-_TycAqsdvvdkD4mqCUOLPsdA3pQ2RuVLnv0GqHj-OA=w1920-h1080\"><\/object>\n  <object data=\"https:\/\/lh3.googleusercontent.com\/pw\/AP1GczNLWClOLGpU1o_a1ZsevT_YSCfX13UaB5dtlD9mBdZvpNx8KASg8ySqRdNaovNhMJvpnHTxhd0Rq9Hd0dvsl-XjphE5c9fHwzf5jzp5_V2bZkopfiI=w1920-h1080\"><\/object>\n  <object data=\"https:\/\/lh3.googleusercontent.com\/pw\/AP1GczOPFqnFSpPXaYM7x12SxZeGzeqKfcinIHBLw5XMSPJ889EVmxcAXAky9Yym2pRsYOU8oBJsSObQRPUiEjfYLyxr1XZbZPiPtrjSDRMygrcUGy_BZfQ=w1920-h1080\"><\/object>\n  <object data=\"https:\/\/lh3.googleusercontent.com\/pw\/AP1GczMhBoG3akEHUM0CwUluP6aCW06WOQoHae9jjg6oL_6UXZz5j3hfyrcLT2KVeTDwqf7C3svabeT4L-AmheAaT6Et9EHxV86-VLmU9HTG9Nfk-GdeDOU=w1920-h1080\"><\/object>\n  <object data=\"https:\/\/lh3.googleusercontent.com\/pw\/AP1GczNaJadj_Yp_8xVuluDmpCerkjO1pAwDXsbLxgtTYDNyrYpq4hkRCo4-uG3HPvAsnLS9lys-ycNxpxjqgDVQinJlB2FBvrKvPC0msEmGvo_nBO1Pqr4=w1920-h1080\"><\/object>\n  <object data=\"https:\/\/lh3.googleusercontent.com\/pw\/AP1GczPRBoUVi-EzGJIYjLgNs3sZkE1wBXOUiX4dq1GeohqVIbSfwjq8erXWBjbzUxypERDxXpXRQA15vARfpeYG_W4B3TTnLFyFzPrERsBtaIq6EOMQNQ0=w1920-h1080\"><\/object>\n<\/div>\n\n\n<hr class=\"wp-block-separator has-alpha-channel-opacity is-style-dots\"\/>\n\n<p>\u00c0 <strong>CPS<\/strong> nous restons fermement engag\u00e9s dans l&#8217;innovation en mati\u00e8re de syst\u00e8mes de transport intelligents (ITS), de ville intelligente, de mobilit\u00e9 intelligente&#8230; et la preuve en a \u00e9t\u00e9 notre participation au <strong>XVIe<\/strong> <strong>Congr\u00e8s europ\u00e9en ITS<\/strong>, qui s&#8217;est tenu r\u00e9cemment dans la ville de S\u00e9ville.<\/p>\n\n<p>L&#8217;\u00e9v\u00e9nement a accueilli plus de 140 exposants et a rassembl\u00e9 plus de 3 000 experts dans les domaines des STI, de la technologie, de la mobilit\u00e9 et des politiques publiques. Tous ont partag\u00e9 leurs id\u00e9es, leurs exp\u00e9riences et leurs projets avec un objectif clair : faire progresser les initiatives europ\u00e9ennes qui ouvrent la voie \u00e0 un avenir plus connect\u00e9 et plus durable. <\/p>\n\n<p>CPS n&#8217;\u00e9tait pas seulement pr\u00e9sent avec un stand o\u00f9 nous pouvions partager nos solutions et projets les plus importants, mais nous avons \u00e9galement eu l&#8217;honneur d&#8217;avoir deux de nos coll\u00e8gues comme orateurs dans l&#8217;une des sessions principales de l&#8217;\u00e9v\u00e9nement intitul\u00e9e <em><strong>&#8220;Obtenir de la valeur \u00e0 partir des donn\u00e9es de mobilit\u00e9<\/strong><\/em><strong>Javier Tarri\u00f1o<\/strong> y a pr\u00e9sent\u00e9 son article <em>&#8220;Prediction Model for Additional Lanes in Opposite Direction Management&#8221;,<\/em> tandis qu&#8217;<strong>Eduardo S\u00e1nchez<\/strong> a partag\u00e9 son travail <em>&#8220;Methodology for Calculating Long-Distance Trips (LDT)&#8221;.<\/em><\/p>\n\n<p>Parmi les conclusions les plus importantes du congr\u00e8s, nous soulignons que les pr\u00e9sentations ont offert des points de vue et des exp\u00e9riences enrichissants qui inspirent d&#8217;autres innovations. Il est \u00e9galement apparu clairement que l&#8217;Europe consolide son leadership mondial dans ce domaine et que la collaboration entre les entit\u00e9s publiques et priv\u00e9es sera essentielle pour transformer les id\u00e9es en solutions r\u00e9elles qui am\u00e9liorent la vie des gens. Nous avons \u00e9galement d\u00e9couvert de nouveaux produits et technologies innovants qui pourraient faire partie de notre portefeuille de solutions afin de continuer \u00e0 offrir ce qu&#8217;il y a de mieux \u00e0 nos clients.  <\/p>\n\n<p>La participation \u00e0 ce congr\u00e8s r\u00e9affirme notre engagement en faveur du d\u00e9veloppement de technologies durables et de la promotion des connaissances qui transforment la mobilit\u00e9 au profit des personnes et de nos villes.<\/p>\n","protected":false},"excerpt":{"rendered":"<p>\u00c0 CPS nous restons fermement engag\u00e9s dans l&#8217;innovation en mati\u00e8re de syst\u00e8mes de transport intelligents (ITS), de ville intelligente, de mobilit\u00e9 intelligente&#8230; [&hellip;]<\/p>\n","protected":false},"author":9,"featured_media":16711,"comment_status":"closed","ping_status":"open","sticky":false,"template":"","format":"standard","meta":{"footnotes":""},"categories":[95,185,101],"tags":[],"class_list":["post-16714","post","type-post","status-publish","format-standard","has-post-thumbnail","hentry","category-cps-fr","category-installations","category-transport"],"_links":{"self":[{"href":"https:\/\/cps.es\/fr\/wp-json\/wp\/v2\/posts\/16714","targetHints":{"allow":["GET"]}}],"collection":[{"href":"https:\/\/cps.es\/fr\/wp-json\/wp\/v2\/posts"}],"about":[{"href":"https:\/\/cps.es\/fr\/wp-json\/wp\/v2\/types\/post"}],"author":[{"embeddable":true,"href":"https:\/\/cps.es\/fr\/wp-json\/wp\/v2\/users\/9"}],"replies":[{"embeddable":true,"href":"https:\/\/cps.es\/fr\/wp-json\/wp\/v2\/comments?post=16714"}],"version-history":[{"count":4,"href":"https:\/\/cps.es\/fr\/wp-json\/wp\/v2\/posts\/16714\/revisions"}],"predecessor-version":[{"id":16721,"href":"https:\/\/cps.es\/fr\/wp-json\/wp\/v2\/posts\/16714\/revisions\/16721"}],"wp:featuredmedia":[{"embeddable":true,"href":"https:\/\/cps.es\/fr\/wp-json\/wp\/v2\/media\/16711"}],"wp:attachment":[{"href":"https:\/\/cps.es\/fr\/wp-json\/wp\/v2\/media?parent=16714"}],"wp:term":[{"taxonomy":"category","embeddable":true,"href":"https:\/\/cps.es\/fr\/wp-json\/wp\/v2\/categories?post=16714"},{"taxonomy":"post_tag","embeddable":true,"href":"https:\/\/cps.es\/fr\/wp-json\/wp\/v2\/tags?post=16714"}],"curies":[{"name":"wp","href":"https:\/\/api.w.org\/{rel}","templated":true}]}}