{"id":17009,"date":"2025-07-15T10:40:03","date_gmt":"2025-07-15T08:40:03","guid":{"rendered":"https:\/\/cps.es\/cps-participer-a-lexpose-sur-les-nouveaux-developpements-en-matiere-de-mobilite-et-de-securite-routiere\/"},"modified":"2025-07-16T12:53:43","modified_gmt":"2025-07-16T10:53:43","slug":"cps-participer-a-lexpose-sur-les-nouveaux-developpements-en-matiere-de-mobilite-et-de-securite-routiere","status":"publish","type":"post","link":"https:\/\/cps.es\/fr\/cps-participer-a-lexpose-sur-les-nouveaux-developpements-en-matiere-de-mobilite-et-de-securite-routiere\/","title":{"rendered":"CPS participer \u00e0 l&#8217;expos\u00e9 sur les nouveaux d\u00e9veloppements en mati\u00e8re de mobilit\u00e9 et de s\u00e9curit\u00e9 routi\u00e8re"},"content":{"rendered":"<div class=\"wp-block-image\">\n<figure class=\"aligncenter size-large is-resized\"><img fetchpriority=\"high\" decoding=\"async\" width=\"1024\" height=\"768\" src=\"https:\/\/cps.es\/wp-content\/uploads\/2025\/07\/WhatsApp-Image-2025-07-10-at-12.47.48-1024x768.jpeg\" alt=\"\" class=\"wp-image-16931\" style=\"width:599px;height:auto\" srcset=\"https:\/\/cps.es\/wp-content\/uploads\/2025\/07\/WhatsApp-Image-2025-07-10-at-12.47.48-1024x768.jpeg 1024w, https:\/\/cps.es\/wp-content\/uploads\/2025\/07\/WhatsApp-Image-2025-07-10-at-12.47.48-300x225.jpeg 300w, https:\/\/cps.es\/wp-content\/uploads\/2025\/07\/WhatsApp-Image-2025-07-10-at-12.47.48-768x576.jpeg 768w, https:\/\/cps.es\/wp-content\/uploads\/2025\/07\/WhatsApp-Image-2025-07-10-at-12.47.48-1536x1152.jpeg 1536w, https:\/\/cps.es\/wp-content\/uploads\/2025\/07\/WhatsApp-Image-2025-07-10-at-12.47.48-650x488.jpeg 650w, https:\/\/cps.es\/wp-content\/uploads\/2025\/07\/WhatsApp-Image-2025-07-10-at-12.47.48.jpeg 1600w\" sizes=\"(max-width: 1024px) 100vw, 1024px\" \/><\/figure>\n<\/div>\n<hr class=\"wp-block-separator has-alpha-channel-opacity is-style-dots\" \/>\n\n<p>La semaine derni\u00e8re, de <a href=\"https:\/\/www.linkedin.com\/company\/cps-ingenieros-obra-civil-y-medio-ambiente\/\" data-type=\"link\" data-id=\"cps.es\" target=\"_blank\" rel=\"noopener\"><strong>CPS <\/strong><\/a>nous avons eu l&#8217;occasion de participer \u00e0 une conf\u00e9rence technique au Service de Mobilit\u00e9 de la Mairie de Valence, en partageant les nouveaut\u00e9s du R\u00e8glement G\u00e9n\u00e9ral de Circulation, en vigueur depuis le 1er juillet.<\/p>\n\n<p>Au cours de la session, les nouveaux panneaux \u00e0 incorporer et ceux \u00e0 modifier du catalogue officiel, tant verticaux qu&#8217;horizontaux, ont \u00e9t\u00e9 pr\u00e9sent\u00e9s afin d&#8217;am\u00e9liorer la clart\u00e9 et la s\u00e9curit\u00e9 routi\u00e8re.<\/p>\n\n<p>Sur le site CPS, nous restons engag\u00e9s en faveur d&#8217;une mobilit\u00e9 plus s\u00fbre, plus claire et plus efficace, en collaborant activement \u00e0 des initiatives qui favorisent un trafic urbain plus durable.<\/p>\n\n<p><a href=\"https:\/\/cps.es\/fr\/nouvelles\/\">D\u00e9couvrez nos projets dans ce domaine !<\/a><\/p>\n\n<p><\/p>\n","protected":false},"excerpt":{"rendered":"<p>La semaine derni\u00e8re, de CPS nous avons eu l&#8217;occasion de participer \u00e0 une conf\u00e9rence technique au Service de Mobilit\u00e9 de la Mairie [&hellip;]<\/p>\n","protected":false},"author":19,"featured_media":16933,"comment_status":"closed","ping_status":"open","sticky":false,"template":"","format":"standard","meta":{"footnotes":""},"categories":[101,96],"tags":[],"class_list":["post-17009","post","type-post","status-publish","format-standard","has-post-thumbnail","hentry","category-transport","category-valence"],"_links":{"self":[{"href":"https:\/\/cps.es\/fr\/wp-json\/wp\/v2\/posts\/17009","targetHints":{"allow":["GET"]}}],"collection":[{"href":"https:\/\/cps.es\/fr\/wp-json\/wp\/v2\/posts"}],"about":[{"href":"https:\/\/cps.es\/fr\/wp-json\/wp\/v2\/types\/post"}],"author":[{"embeddable":true,"href":"https:\/\/cps.es\/fr\/wp-json\/wp\/v2\/users\/19"}],"replies":[{"embeddable":true,"href":"https:\/\/cps.es\/fr\/wp-json\/wp\/v2\/comments?post=17009"}],"version-history":[{"count":1,"href":"https:\/\/cps.es\/fr\/wp-json\/wp\/v2\/posts\/17009\/revisions"}],"predecessor-version":[{"id":17013,"href":"https:\/\/cps.es\/fr\/wp-json\/wp\/v2\/posts\/17009\/revisions\/17013"}],"wp:featuredmedia":[{"embeddable":true,"href":"https:\/\/cps.es\/fr\/wp-json\/wp\/v2\/media\/16933"}],"wp:attachment":[{"href":"https:\/\/cps.es\/fr\/wp-json\/wp\/v2\/media?parent=17009"}],"wp:term":[{"taxonomy":"category","embeddable":true,"href":"https:\/\/cps.es\/fr\/wp-json\/wp\/v2\/categories?post=17009"},{"taxonomy":"post_tag","embeddable":true,"href":"https:\/\/cps.es\/fr\/wp-json\/wp\/v2\/tags?post=17009"}],"curies":[{"name":"wp","href":"https:\/\/api.w.org\/{rel}","templated":true}]}}