{"id":17062,"date":"2025-06-17T11:18:44","date_gmt":"2025-06-17T09:18:44","guid":{"rendered":"https:\/\/cps.es\/renaturalisation-urbaine-de-bogota-colombie\/"},"modified":"2025-07-16T12:55:30","modified_gmt":"2025-07-16T10:55:30","slug":"renaturalisation-urbaine-de-bogota-colombie","status":"publish","type":"post","link":"https:\/\/cps.es\/fr\/renaturalisation-urbaine-de-bogota-colombie\/","title":{"rendered":"Renaturalisation urbaine de Bogota, Colombie"},"content":{"rendered":"<div class=\"wp-block-image\">\n<figure class=\"aligncenter size-large is-resized\"><img fetchpriority=\"high\" decoding=\"async\" width=\"1024\" height=\"634\" src=\"https:\/\/cps.es\/wp-content\/uploads\/2025\/07\/Renaturalizacion-Bogota-Colombia-1024x634.jpg\" alt=\"\" class=\"wp-image-16950\" style=\"width:588px;height:auto\" srcset=\"https:\/\/cps.es\/wp-content\/uploads\/2025\/07\/Renaturalizacion-Bogota-Colombia-1024x634.jpg 1024w, https:\/\/cps.es\/wp-content\/uploads\/2025\/07\/Renaturalizacion-Bogota-Colombia-300x186.jpg 300w, https:\/\/cps.es\/wp-content\/uploads\/2025\/07\/Renaturalizacion-Bogota-Colombia-768x475.jpg 768w, https:\/\/cps.es\/wp-content\/uploads\/2025\/07\/Renaturalizacion-Bogota-Colombia-650x402.jpg 650w, https:\/\/cps.es\/wp-content\/uploads\/2025\/07\/Renaturalizacion-Bogota-Colombia.jpg 1361w\" sizes=\"(max-width: 1024px) 100vw, 1024px\" \/><\/figure>\n<\/div>\n<hr class=\"wp-block-separator has-alpha-channel-opacity is-style-dots\" \/>\n\n<p>\u00c0 <a href=\"https:\/\/www.linkedin.com\/company\/cps-ingenieros-obra-civil-y-medio-ambiente\/\" target=\"_blank\" rel=\"noopener\"><strong>CPS <\/strong><\/a>nous continuons \u00e0 contribuer \u00e0 la transformation des villes, cette fois \u00e0 Bogota. En consortium, nous r\u00e9aliserons pour la Banque interam\u00e9ricaine de d\u00e9veloppement (BID) l&#8217;\u00e9laboration du plan de renaturalisation urbaine (PRU) et de la strat\u00e9gie de renouvellement urbain vert (ERUV) de la ville. Ce projet durera huit mois et vise \u00e0 renforcer l&#8217;action climatique dans la capitale colombienne gr\u00e2ce \u00e0 des solutions qui partent de la nature et se concentrent sur le bien-\u00eatre des personnes.  <\/p>\n\n<p>Pendant cette p\u00e9riode, nous <a href=\"https:\/\/www.facebook.com\/latam.cps\" target=\"_blank\" rel=\"noopener\"><strong>CPS <\/strong><\/a>nous d\u00e9velopperons des outils techniques et formerons des acteurs cl\u00e9s pour mettre en \u0153uvre des interventions de renaturation urbaine. Ces actions comprennent la transformation des surfaces imperm\u00e9ables en espaces verts biodiversifi\u00e9s, l&#8217;am\u00e9lioration de la connectivit\u00e9 \u00e9cologique et l&#8217;am\u00e9lioration de la qualit\u00e9 de l&#8217;espace public. <\/p>\n\n<p>Nous concevrons \u00e9galement des projets pilotes dans des zones sp\u00e9cifiques de la ville, ce qui nous permettra de mettre ces id\u00e9es en pratique et d&#8217;\u00e9valuer leur impact sur l&#8217;environnement urbain. Notre travail comprendra des processus de socialisation, des conseils techniques et un soutien sp\u00e9cialis\u00e9 en mati\u00e8re d&#8217;infrastructures vertes et de durabilit\u00e9 urbaine. Ce projet repr\u00e9sente une nouvelle opportunit\u00e9 d&#8217;appliquer notre exp\u00e9rience en mati\u00e8re d&#8217;urbanisme avec une approche durable, contribuant \u00e0 la cr\u00e9ation de villes plus r\u00e9silientes, plus saines et plus connect\u00e9es \u00e0 leur environnement naturel.  <strong><br\/><br\/><\/strong><\/p>\n","protected":false},"excerpt":{"rendered":"<p>\u00c0 CPS nous continuons \u00e0 contribuer \u00e0 la transformation des villes, cette fois \u00e0 Bogota. En consortium, nous r\u00e9aliserons pour la Banque [&hellip;]<\/p>\n","protected":false},"author":19,"featured_media":16952,"comment_status":"closed","ping_status":"open","sticky":false,"template":"","format":"standard","meta":{"footnotes":""},"categories":[95,107,73],"tags":[],"class_list":["post-17062","post","type-post","status-publish","format-standard","has-post-thumbnail","hentry","category-cps-fr","category-infrastructure-fr","category-international"],"_links":{"self":[{"href":"https:\/\/cps.es\/fr\/wp-json\/wp\/v2\/posts\/17062","targetHints":{"allow":["GET"]}}],"collection":[{"href":"https:\/\/cps.es\/fr\/wp-json\/wp\/v2\/posts"}],"about":[{"href":"https:\/\/cps.es\/fr\/wp-json\/wp\/v2\/types\/post"}],"author":[{"embeddable":true,"href":"https:\/\/cps.es\/fr\/wp-json\/wp\/v2\/users\/19"}],"replies":[{"embeddable":true,"href":"https:\/\/cps.es\/fr\/wp-json\/wp\/v2\/comments?post=17062"}],"version-history":[{"count":1,"href":"https:\/\/cps.es\/fr\/wp-json\/wp\/v2\/posts\/17062\/revisions"}],"predecessor-version":[{"id":17065,"href":"https:\/\/cps.es\/fr\/wp-json\/wp\/v2\/posts\/17062\/revisions\/17065"}],"wp:featuredmedia":[{"embeddable":true,"href":"https:\/\/cps.es\/fr\/wp-json\/wp\/v2\/media\/16952"}],"wp:attachment":[{"href":"https:\/\/cps.es\/fr\/wp-json\/wp\/v2\/media?parent=17062"}],"wp:term":[{"taxonomy":"category","embeddable":true,"href":"https:\/\/cps.es\/fr\/wp-json\/wp\/v2\/categories?post=17062"},{"taxonomy":"post_tag","embeddable":true,"href":"https:\/\/cps.es\/fr\/wp-json\/wp\/v2\/tags?post=17062"}],"curies":[{"name":"wp","href":"https:\/\/api.w.org\/{rel}","templated":true}]}}