{"id":17331,"date":"2025-09-09T07:49:49","date_gmt":"2025-09-09T05:49:49","guid":{"rendered":"https:\/\/cps.es\/la-cps-sponsorise-la-33e-semaine-de-la-route\/"},"modified":"2025-09-09T07:50:34","modified_gmt":"2025-09-09T05:50:34","slug":"la-cps-sponsorise-la-33e-semaine-de-la-route","status":"publish","type":"post","link":"https:\/\/cps.es\/fr\/la-cps-sponsorise-la-33e-semaine-de-la-route\/","title":{"rendered":"La CPS sponsorise la 33e semaine de la route"},"content":{"rendered":"<div class=\"wp-block-image\">\n<figure class=\"aligncenter size-full is-resized\"><img fetchpriority=\"high\" decoding=\"async\" width=\"483\" height=\"317\" src=\"https:\/\/cps.es\/wp-content\/uploads\/2025\/09\/33semana.png\" alt=\"\" class=\"wp-image-17326\" style=\"width:449px;height:auto\" srcset=\"https:\/\/cps.es\/wp-content\/uploads\/2025\/09\/33semana.png 483w, https:\/\/cps.es\/wp-content\/uploads\/2025\/09\/33semana-300x197.png 300w\" sizes=\"(max-width: 483px) 100vw, 483px\" \/><\/figure>\n<\/div>\n<hr class=\"wp-block-separator has-alpha-channel-opacity is-style-dots\"\/>\n\n<p><strong>La CPS <\/strong>sera l&#8217;un des <strong>sponsors de la<\/strong> <strong>33e semaine de la route<\/strong>, organis\u00e9e par l&#8217;<strong>Association espagnole de la route (AEC) <\/strong>sous le slogan <em>&#8220;Des kilom\u00e8tres d&#8217;\u00e9motions&#8230; En connexion permanente avec l&#8217;avenir&#8221;.<\/em><\/p>\n\n<p>L&#8217;\u00e9v\u00e9nement se tiendra les <strong>10 et 11 septembre<\/strong> \u00e0 l&#8217;Espacio Fundaci\u00f3n Pablo VI (Madrid) et r\u00e9unira des professionnels, des institutions et des entreprises du secteur pour d\u00e9battre des d\u00e9fis et des opportunit\u00e9s qui marqueront l&#8217;avenir de la mobilit\u00e9 routi\u00e8re.<\/p>\n\n<p>Dans le cadre de la session <strong>&#8220;Mobilit\u00e9 routi\u00e8re s\u00fbre&#8221;,<\/strong> <strong>Mar Edo<\/strong>, directrice du d\u00e9partement Mobilit\u00e9 et gestion du trafic, participera \u00e0 la table ronde <strong>: &#8220;La r\u00e9volution des technologies et des donn\u00e9es : Hier et aujourd&#8217;hui dans la gestion de la mobilit\u00e9 s\u00fbre&#8221;,<\/strong> o\u00f9 elle partagera la vision de l&#8217;organisation sur le r\u00f4le cl\u00e9 de l&#8217;innovation technologique dans la s\u00e9curit\u00e9 routi\u00e8re et la gestion efficace de la mobilit\u00e9.<\/p>\n\n<p>Avec cette collaboration, nous renfor\u00e7ons notre engagement en faveur de la s\u00e9curit\u00e9, de la durabilit\u00e9 et de l&#8217;innovation dans les infrastructures, en accompagnant l&#8217;industrie dans son \u00e9volution vers un avenir plus connect\u00e9 et plus s\u00fbr.<\/p>\n","protected":false},"excerpt":{"rendered":"<p>La CPS sera l&#8217;un des sponsors de la 33e semaine de la route, organis\u00e9e par l&#8217;Association espagnole de la route (AEC) sous [&hellip;]<\/p>\n","protected":false},"author":9,"featured_media":17328,"comment_status":"closed","ping_status":"open","sticky":false,"template":"","format":"standard","meta":{"footnotes":""},"categories":[109,95],"tags":[],"class_list":["post-17331","post","type-post","status-publish","format-standard","has-post-thumbnail","hentry","category-congres","category-cps-fr"],"_links":{"self":[{"href":"https:\/\/cps.es\/fr\/wp-json\/wp\/v2\/posts\/17331","targetHints":{"allow":["GET"]}}],"collection":[{"href":"https:\/\/cps.es\/fr\/wp-json\/wp\/v2\/posts"}],"about":[{"href":"https:\/\/cps.es\/fr\/wp-json\/wp\/v2\/types\/post"}],"author":[{"embeddable":true,"href":"https:\/\/cps.es\/fr\/wp-json\/wp\/v2\/users\/9"}],"replies":[{"embeddable":true,"href":"https:\/\/cps.es\/fr\/wp-json\/wp\/v2\/comments?post=17331"}],"version-history":[{"count":2,"href":"https:\/\/cps.es\/fr\/wp-json\/wp\/v2\/posts\/17331\/revisions"}],"predecessor-version":[{"id":17339,"href":"https:\/\/cps.es\/fr\/wp-json\/wp\/v2\/posts\/17331\/revisions\/17339"}],"wp:featuredmedia":[{"embeddable":true,"href":"https:\/\/cps.es\/fr\/wp-json\/wp\/v2\/media\/17328"}],"wp:attachment":[{"href":"https:\/\/cps.es\/fr\/wp-json\/wp\/v2\/media?parent=17331"}],"wp:term":[{"taxonomy":"category","embeddable":true,"href":"https:\/\/cps.es\/fr\/wp-json\/wp\/v2\/categories?post=17331"},{"taxonomy":"post_tag","embeddable":true,"href":"https:\/\/cps.es\/fr\/wp-json\/wp\/v2\/tags?post=17331"}],"curies":[{"name":"wp","href":"https:\/\/api.w.org\/{rel}","templated":true}]}}