{"id":17487,"date":"2025-09-18T09:47:50","date_gmt":"2025-09-18T07:47:50","guid":{"rendered":"https:\/\/cps.es\/etude-informative-et-projet-de-construction-phase-1-du-tramway-de-castello\/"},"modified":"2025-09-18T09:48:54","modified_gmt":"2025-09-18T07:48:54","slug":"etude-informative-et-projet-de-construction-phase-1-du-tramway-de-castello","status":"publish","type":"post","link":"https:\/\/cps.es\/fr\/etude-informative-et-projet-de-construction-phase-1-du-tramway-de-castello\/","title":{"rendered":"\u00c9tude informative et projet de construction phase 1 du tramway de Castell\u00f3."},"content":{"rendered":"<div class=\"wp-block-image\">\n<figure class=\"aligncenter size-full is-resized\"><img fetchpriority=\"high\" decoding=\"async\" width=\"800\" height=\"354\" src=\"https:\/\/cps.es\/wp-content\/uploads\/2025\/09\/Tram-de-Castellon-CPS.jpg\" alt=\"\" class=\"wp-image-17346\" style=\"width:608px;height:auto\" srcset=\"https:\/\/cps.es\/wp-content\/uploads\/2025\/09\/Tram-de-Castellon-CPS.jpg 800w, https:\/\/cps.es\/wp-content\/uploads\/2025\/09\/Tram-de-Castellon-CPS-300x133.jpg 300w, https:\/\/cps.es\/wp-content\/uploads\/2025\/09\/Tram-de-Castellon-CPS-768x340.jpg 768w, https:\/\/cps.es\/wp-content\/uploads\/2025\/09\/Tram-de-Castellon-CPS-650x288.jpg 650w\" sizes=\"(max-width: 800px) 100vw, 800px\" \/><figcaption class=\"wp-element-caption\">Cadena SER<\/figcaption><\/figure>\n<\/div>\n<hr class=\"wp-block-separator has-alpha-channel-opacity is-style-dots\"\/>\n\n<p><strong>CPS<\/strong> sera charg\u00e9e de r\u00e9diger l&#8217;<strong>\u00e9tude informative<\/strong> du &#8220;Bulevar de la Plana &#8211; Tram de Castell\u00f3&#8221; (Section : Castell\u00f3 de la Plana &#8211; Almassora &#8211; Vila-real), ainsi que le <strong>projet de construction de la phase 1.<\/strong> <\/p>\n\n<p>Ce projet s&#8217;inscrit dans le cadre des plans de transport public des principales agglom\u00e9rations urbaines de la <strong>Communaut\u00e9 valencienne<\/strong>, qui s&#8217;engagent \u00e0 mettre en place des <strong>infrastructures modernes, durables et efficaces <\/strong>. Il s&#8217;agit donc de d\u00e9velopper un r\u00e9seau de plates-formes r\u00e9serv\u00e9es aux transports publics dans le cadre du &#8220;Plan de transport de Castell\u00f3n et de ses environs&#8221;, qui couvre une zone m\u00e9tropolitaine de pr\u00e8s de <strong>20 km de long et de 8 km de large<\/strong>. <\/p>\n\n<p>Avec eux, il est propos\u00e9 de :<br\/>\u25cf Relier Castell\u00f3n \u00e0 Benic\u00e0ssim dans un premier axe.<br\/>\u25cf Relier Castell\u00f3n \u00e0 Almassora et Vila-real dans un deuxi\u00e8me axe.<\/p>\n\n<p>L&#8217;objectif est d&#8217;<strong>optimiser le syst\u00e8me de mobilit\u00e9 et de l&#8217;adapter aux besoins r\u00e9els des citoyens, en<\/strong> am\u00e9liorant la qualit\u00e9 du service et en le rendant plus attrayant, efficace et durable.<\/p>\n\n<p>Le programme des travaux pr\u00e9voit une p\u00e9riode totale de <strong>36 mois :<\/strong><br\/><strong>\u25cf<\/strong> <strong>24 mois <\/strong>pour la r\u00e9daction de l&#8217;\u00e9tude d&#8217;information.<br\/>\u25cf <strong>12 mois<\/strong> pour la r\u00e9daction du projet de construction de la phase 1.<\/p>\n\n<p>Avec ce nouveau d\u00e9fi, nous r\u00e9affirmons notre engagement en faveur d&#8217;une <strong>mobilit\u00e9 urbaine durable et efficace<\/strong> pour les villes qui nous entourent.<\/p>\n","protected":false},"excerpt":{"rendered":"<p>CPS sera charg\u00e9e de r\u00e9diger l&#8217;\u00e9tude informative du &#8220;Bulevar de la Plana &#8211; Tram de Castell\u00f3&#8221; (Section : Castell\u00f3 de la Plana [&hellip;]<\/p>\n","protected":false},"author":9,"featured_media":17348,"comment_status":"closed","ping_status":"open","sticky":false,"template":"","format":"standard","meta":{"footnotes":""},"categories":[97,101],"tags":[],"class_list":["post-17487","post","type-post","status-publish","format-standard","has-post-thumbnail","hentry","category-civil-fr","category-transport"],"_links":{"self":[{"href":"https:\/\/cps.es\/fr\/wp-json\/wp\/v2\/posts\/17487","targetHints":{"allow":["GET"]}}],"collection":[{"href":"https:\/\/cps.es\/fr\/wp-json\/wp\/v2\/posts"}],"about":[{"href":"https:\/\/cps.es\/fr\/wp-json\/wp\/v2\/types\/post"}],"author":[{"embeddable":true,"href":"https:\/\/cps.es\/fr\/wp-json\/wp\/v2\/users\/9"}],"replies":[{"embeddable":true,"href":"https:\/\/cps.es\/fr\/wp-json\/wp\/v2\/comments?post=17487"}],"version-history":[{"count":3,"href":"https:\/\/cps.es\/fr\/wp-json\/wp\/v2\/posts\/17487\/revisions"}],"predecessor-version":[{"id":17490,"href":"https:\/\/cps.es\/fr\/wp-json\/wp\/v2\/posts\/17487\/revisions\/17490"}],"wp:featuredmedia":[{"embeddable":true,"href":"https:\/\/cps.es\/fr\/wp-json\/wp\/v2\/media\/17348"}],"wp:attachment":[{"href":"https:\/\/cps.es\/fr\/wp-json\/wp\/v2\/media?parent=17487"}],"wp:term":[{"taxonomy":"category","embeddable":true,"href":"https:\/\/cps.es\/fr\/wp-json\/wp\/v2\/categories?post=17487"},{"taxonomy":"post_tag","embeddable":true,"href":"https:\/\/cps.es\/fr\/wp-json\/wp\/v2\/tags?post=17487"}],"curies":[{"name":"wp","href":"https:\/\/api.w.org\/{rel}","templated":true}]}}