{"id":17503,"date":"2025-09-24T09:57:23","date_gmt":"2025-09-24T07:57:23","guid":{"rendered":"https:\/\/cps.es\/nouveau-plan-general-des-routes-daragon\/"},"modified":"2025-09-24T09:57:42","modified_gmt":"2025-09-24T07:57:42","slug":"nouveau-plan-general-des-routes-daragon","status":"publish","type":"post","link":"https:\/\/cps.es\/fr\/nouveau-plan-general-des-routes-daragon\/","title":{"rendered":"Nouveau plan g\u00e9n\u00e9ral des routes d&#8217;Aragon"},"content":{"rendered":"<div class=\"wp-block-image\">\n<figure class=\"aligncenter size-full is-resized\"><img fetchpriority=\"high\" decoding=\"async\" width=\"800\" height=\"564\" src=\"https:\/\/cps.es\/wp-content\/uploads\/2025\/09\/web-CPS-Plan-Carreteras-Aragon-2025.jpg\" alt=\"\" class=\"wp-image-17498\" style=\"width:475px;height:auto\" srcset=\"https:\/\/cps.es\/wp-content\/uploads\/2025\/09\/web-CPS-Plan-Carreteras-Aragon-2025.jpg 800w, https:\/\/cps.es\/wp-content\/uploads\/2025\/09\/web-CPS-Plan-Carreteras-Aragon-2025-300x212.jpg 300w, https:\/\/cps.es\/wp-content\/uploads\/2025\/09\/web-CPS-Plan-Carreteras-Aragon-2025-768x541.jpg 768w, https:\/\/cps.es\/wp-content\/uploads\/2025\/09\/web-CPS-Plan-Carreteras-Aragon-2025-650x458.jpg 650w\" sizes=\"(max-width: 800px) 100vw, 800px\" \/><\/figure>\n<\/div>\n<hr class=\"wp-block-separator has-alpha-channel-opacity is-style-dots\"\/>\n\n<p>CPS r\u00e9alisera la r\u00e9daction et l&#8217;\u00e9dition du nouveau<strong> Plan Routier G\u00e9n\u00e9ral d&#8217;Aragon<\/strong> et du <strong>Catalogue du R\u00e9seau Autonome 2025 -2040<\/strong>, command\u00e9s par la Direction G\u00e9n\u00e9rale des Routes et Infrastructures du <strong>Gouvernement d&#8217;Aragon<\/strong>.<\/p>\n\n<p>Ce projet sera un outil strat\u00e9gique pour d\u00e9finir l&#8217;avenir du r\u00e9seau routier de la communaut\u00e9 autonome. Il comprendra l&#8217;analyse de plus de <strong>10 000 km de routes<\/strong>, l&#8217;\u00e9valuation du catalogue actuel par rapport au syst\u00e8me de transport g\u00e9n\u00e9ral, la d\u00e9finition de crit\u00e8res de programmation, ainsi qu&#8217;un diagnostic complet et visuel du r\u00e9seau. <\/p>\n\n<p>Avec cette \u00e9tape, nous nous dirigeons vers une mobilit\u00e9 <strong>plus efficace<\/strong>, <strong>connect\u00e9e<\/strong> et <strong>respectueuse de l<\/strong> &#8216;environnement en Aragon, en accord avec les d\u00e9fis actuels et futurs du territoire.<\/p>\n","protected":false},"excerpt":{"rendered":"<p>CPS r\u00e9alisera la r\u00e9daction et l&#8217;\u00e9dition du nouveau Plan Routier G\u00e9n\u00e9ral d&#8217;Aragon et du Catalogue du R\u00e9seau Autonome 2025 -2040, command\u00e9s par [&hellip;]<\/p>\n","protected":false},"author":9,"featured_media":17500,"comment_status":"closed","ping_status":"open","sticky":false,"template":"","format":"standard","meta":{"footnotes":""},"categories":[103,101],"tags":[],"class_list":["post-17503","post","type-post","status-publish","format-standard","has-post-thumbnail","hentry","category-espagne","category-transport"],"_links":{"self":[{"href":"https:\/\/cps.es\/fr\/wp-json\/wp\/v2\/posts\/17503","targetHints":{"allow":["GET"]}}],"collection":[{"href":"https:\/\/cps.es\/fr\/wp-json\/wp\/v2\/posts"}],"about":[{"href":"https:\/\/cps.es\/fr\/wp-json\/wp\/v2\/types\/post"}],"author":[{"embeddable":true,"href":"https:\/\/cps.es\/fr\/wp-json\/wp\/v2\/users\/9"}],"replies":[{"embeddable":true,"href":"https:\/\/cps.es\/fr\/wp-json\/wp\/v2\/comments?post=17503"}],"version-history":[{"count":1,"href":"https:\/\/cps.es\/fr\/wp-json\/wp\/v2\/posts\/17503\/revisions"}],"predecessor-version":[{"id":17505,"href":"https:\/\/cps.es\/fr\/wp-json\/wp\/v2\/posts\/17503\/revisions\/17505"}],"wp:featuredmedia":[{"embeddable":true,"href":"https:\/\/cps.es\/fr\/wp-json\/wp\/v2\/media\/17500"}],"wp:attachment":[{"href":"https:\/\/cps.es\/fr\/wp-json\/wp\/v2\/media?parent=17503"}],"wp:term":[{"taxonomy":"category","embeddable":true,"href":"https:\/\/cps.es\/fr\/wp-json\/wp\/v2\/categories?post=17503"},{"taxonomy":"post_tag","embeddable":true,"href":"https:\/\/cps.es\/fr\/wp-json\/wp\/v2\/tags?post=17503"}],"curies":[{"name":"wp","href":"https:\/\/api.w.org\/{rel}","templated":true}]}}