{"id":17536,"date":"2025-09-25T12:17:57","date_gmt":"2025-09-25T10:17:57","guid":{"rendered":"https:\/\/cps.es\/la-cps-recompensee-pour-son-travail-dans-la-reconstruction-post-dana\/"},"modified":"2025-09-25T12:22:27","modified_gmt":"2025-09-25T10:22:27","slug":"la-cps-recompensee-pour-son-travail-dans-la-reconstruction-post-dana","status":"publish","type":"post","link":"https:\/\/cps.es\/fr\/la-cps-recompensee-pour-son-travail-dans-la-reconstruction-post-dana\/","title":{"rendered":"La CPS r\u00e9compens\u00e9e pour son travail dans la reconstruction post-DANA"},"content":{"rendered":"\n<figure class=\"wp-block-image size-large is-resized\"><img fetchpriority=\"high\" decoding=\"async\" width=\"1600\" height=\"900\" src=\"https:\/\/cps.es\/wp-content\/uploads\/2025\/09\/Gonzalo-Lopez-Reconocimiento-edited.jpeg\" alt=\"\" class=\"wp-image-17530\" style=\"width:606px;height:auto\" srcset=\"https:\/\/cps.es\/wp-content\/uploads\/2025\/09\/Gonzalo-Lopez-Reconocimiento-edited.jpeg 1600w, https:\/\/cps.es\/wp-content\/uploads\/2025\/09\/Gonzalo-Lopez-Reconocimiento-edited-300x169.jpeg 300w, https:\/\/cps.es\/wp-content\/uploads\/2025\/09\/Gonzalo-Lopez-Reconocimiento-edited-1024x576.jpeg 1024w, https:\/\/cps.es\/wp-content\/uploads\/2025\/09\/Gonzalo-Lopez-Reconocimiento-edited-768x432.jpeg 768w, https:\/\/cps.es\/wp-content\/uploads\/2025\/09\/Gonzalo-Lopez-Reconocimiento-edited-1536x864.jpeg 1536w, https:\/\/cps.es\/wp-content\/uploads\/2025\/09\/Gonzalo-Lopez-Reconocimiento-edited-650x366.jpeg 650w\" sizes=\"(max-width: 1600px) 100vw, 1600px\" \/><\/figure>\n\n<hr class=\"wp-block-separator has-alpha-channel-opacity is-style-dots\"\/>\n\n<p>Le lundi 22 septembre, dans le cadre de la <strong>semaine europ\u00e9enne de la mobilit\u00e9<\/strong>, la Generalitat Valenciana et la <strong><a href=\"https:\/\/comunica.gva.es\/es\/detalle?id=396561471&amp;site=373409432\" data-type=\"link\" data-id=\"https:\/\/comunica.gva.es\/es\/detalle?id=396561471&amp;site=373409432\" target=\"_blank\" rel=\"noopener\">Generalitat Valenciana<\/a><\/strong>ont r\u00e9compens\u00e9 les entreprises et entit\u00e9s qui ont contribu\u00e9 \u00e0 r\u00e9tablir la mobilit\u00e9 dans les villes touch\u00e9es par la <strong>DANA 2024<\/strong>.<\/p>\n\n<p>Notre PDG, <strong>Gonzalo L\u00f3pez<\/strong>, a assist\u00e9 \u00e0 l&#8217;\u00e9v\u00e9nement et a re\u00e7u au nom de <strong>CPS<\/strong> la reconnaissance qui souligne l&#8217;<strong>effort collectif<\/strong> de la soci\u00e9t\u00e9 valencienne et l&#8217;engagement des entreprises qui ont permis de r\u00e9cup\u00e9rer les infrastructures en un temps record.<\/p>\n\n<p>Sur <strong><a href=\"https:\/\/www.linkedin.com\/company\/cps-ingenieros-obra-civil-y-medio-ambiente\/\" data-type=\"link\" data-id=\"https:\/\/www.linkedin.com\/company\/cps-ingenieros-obra-civil-y-medio-ambiente\/\" target=\"_blank\" rel=\"noopener\">CPS<\/a><\/strong> nous avons particip\u00e9 activement \u00e0 divers travaux d&#8217;urgence et de reconstruction dans des municipalit\u00e9s telles que <strong>Llombai<\/strong>, <strong>Cheste<\/strong>, <strong>B\u00e9tera<\/strong> et <strong>Villar del Arzobispo<\/strong>. Nous avons \u00e9galement particip\u00e9 \u00e0 l&#8217;am\u00e9nagement de 11 d\u00e9viations et \u00e0 la r\u00e9novation des voies 1, 2, 4, 6, 8 et 10 de <strong>Valencia Sud.<\/strong> Nous avons \u00e9galement contribu\u00e9 \u00e0 l&#8217;am\u00e9lioration et \u00e0 la r\u00e9cup\u00e9ration de diff\u00e9rentes installations r\u00e9cr\u00e9atives et de sentiers embl\u00e9matiques de la r\u00e9gion de Valence, tels que le <strong>GR-7<\/strong>, le <strong>GR-10<\/strong> et le <strong>sentier naturel Turia-Cabriel<\/strong>.<\/p>\n\n<p>Cette reconnaissance souligne la <strong>capacit\u00e9 technique et professionnelle de notre \u00e9quipe<\/strong> et r\u00e9affirme l&#8217;<strong>engagement de CPS envers la soci\u00e9t\u00e9<\/strong>, en aidant \u00e0 r\u00e9tablir la normalit\u00e9 dans les moments critiques.<\/p>\n","protected":false},"excerpt":{"rendered":"<p>Le lundi 22 septembre, dans le cadre de la semaine europ\u00e9enne de la mobilit\u00e9, la Generalitat Valenciana et la Generalitat Valencianaont r\u00e9compens\u00e9 [&hellip;]<\/p>\n","protected":false},"author":9,"featured_media":17532,"comment_status":"closed","ping_status":"open","sticky":false,"template":"","format":"standard","meta":{"footnotes":""},"categories":[95,107,96],"tags":[],"class_list":["post-17536","post","type-post","status-publish","format-standard","has-post-thumbnail","hentry","category-cps-fr","category-infrastructure-fr","category-valence"],"_links":{"self":[{"href":"https:\/\/cps.es\/fr\/wp-json\/wp\/v2\/posts\/17536","targetHints":{"allow":["GET"]}}],"collection":[{"href":"https:\/\/cps.es\/fr\/wp-json\/wp\/v2\/posts"}],"about":[{"href":"https:\/\/cps.es\/fr\/wp-json\/wp\/v2\/types\/post"}],"author":[{"embeddable":true,"href":"https:\/\/cps.es\/fr\/wp-json\/wp\/v2\/users\/9"}],"replies":[{"embeddable":true,"href":"https:\/\/cps.es\/fr\/wp-json\/wp\/v2\/comments?post=17536"}],"version-history":[{"count":1,"href":"https:\/\/cps.es\/fr\/wp-json\/wp\/v2\/posts\/17536\/revisions"}],"predecessor-version":[{"id":17537,"href":"https:\/\/cps.es\/fr\/wp-json\/wp\/v2\/posts\/17536\/revisions\/17537"}],"wp:featuredmedia":[{"embeddable":true,"href":"https:\/\/cps.es\/fr\/wp-json\/wp\/v2\/media\/17532"}],"wp:attachment":[{"href":"https:\/\/cps.es\/fr\/wp-json\/wp\/v2\/media?parent=17536"}],"wp:term":[{"taxonomy":"category","embeddable":true,"href":"https:\/\/cps.es\/fr\/wp-json\/wp\/v2\/categories?post=17536"},{"taxonomy":"post_tag","embeddable":true,"href":"https:\/\/cps.es\/fr\/wp-json\/wp\/v2\/tags?post=17536"}],"curies":[{"name":"wp","href":"https:\/\/api.w.org\/{rel}","templated":true}]}}