{"id":17600,"date":"2025-10-16T11:26:15","date_gmt":"2025-10-16T09:26:15","guid":{"rendered":"https:\/\/cps.es\/la-cps-elaborera-le-projet-de-zbe-et-mettra-a-jour-le-sump-de-san-vicente-del-raspeig\/"},"modified":"2025-10-16T11:27:18","modified_gmt":"2025-10-16T09:27:18","slug":"la-cps-elaborera-le-projet-de-zbe-et-mettra-a-jour-le-sump-de-san-vicente-del-raspeig","status":"publish","type":"post","link":"https:\/\/cps.es\/fr\/la-cps-elaborera-le-projet-de-zbe-et-mettra-a-jour-le-sump-de-san-vicente-del-raspeig\/","title":{"rendered":"La CPS \u00e9laborera le projet de ZBE et mettra \u00e0 jour le SUMP de San Vicente del Raspeig."},"content":{"rendered":"<div class=\"wp-block-image\">\n<figure class=\"aligncenter size-full is-resized\"><img fetchpriority=\"high\" decoding=\"async\" width=\"800\" height=\"579\" src=\"https:\/\/cps.es\/wp-content\/uploads\/2025\/10\/newsletter-fuente-ayuntamiento-Plataforma-implantada-en-calle-Velazquez-scaled-1.jpg\" alt=\"\" class=\"wp-image-17596\" style=\"width:526px;height:auto\" srcset=\"https:\/\/cps.es\/wp-content\/uploads\/2025\/10\/newsletter-fuente-ayuntamiento-Plataforma-implantada-en-calle-Velazquez-scaled-1.jpg 800w, https:\/\/cps.es\/wp-content\/uploads\/2025\/10\/newsletter-fuente-ayuntamiento-Plataforma-implantada-en-calle-Velazquez-scaled-1-300x217.jpg 300w, https:\/\/cps.es\/wp-content\/uploads\/2025\/10\/newsletter-fuente-ayuntamiento-Plataforma-implantada-en-calle-Velazquez-scaled-1-768x556.jpg 768w, https:\/\/cps.es\/wp-content\/uploads\/2025\/10\/newsletter-fuente-ayuntamiento-Plataforma-implantada-en-calle-Velazquez-scaled-1-650x470.jpg 650w\" sizes=\"(max-width: 800px) 100vw, 800px\" \/><figcaption class=\"wp-element-caption\">Photo : Mairie de San Vicente del Raspeig<\/figcaption><\/figure>\n<\/div>\n<hr class=\"wp-block-separator has-alpha-channel-opacity is-style-dots\"\/>\n\n<p><strong>\n  <a href=\"https:\/\/www.linkedin.com\/company\/cps-ingenieros-obra-civil-y-medio-ambiente\/\" data-type=\"link\" data-id=\"https:\/\/www.linkedin.com\/company\/cps-ingenieros-obra-civil-y-medio-ambiente\/\" target=\"_blank\" rel=\"noopener\">CPS<\/a>\n<\/strong> r\u00e9alisera la r\u00e9daction du projet de<strong> zone \u00e0 faible \u00e9mission (LEZ)<\/strong> et la mise \u00e0 jour du<strong> plan de mobilit\u00e9 urbaine durable (SUMP)<\/strong> pour le conseil municipal de <strong>San Vicente del Raspeig (Alicante<\/strong>).<\/p>\n\n<p>Le travail comprend une assistance technique pour la d\u00e9finition, la d\u00e9limitation, la conception et la justification de l&#8217;ASP, ainsi que la r\u00e9daction du projet correspondant. En outre, des \u00e9tudes, des collectes de donn\u00e9es et des diagnostics seront r\u00e9alis\u00e9s, ainsi que la conception du cadre juridique applicable. <\/p>\n\n<p>Les t\u00e2ches \u00e0 accomplir sont les suivantes :<\/p>\n\n<ul class=\"wp-block-list\">\n<li>R\u00e9daction du projet et \u00e9laboration du cadre juridique applicable.<\/li>\n\n\n\n<li>D\u00e9finition de la ZBE et diagnostic de la SUMP, comme base d&#8217;une proposition pr\u00e9liminaire.<\/li>\n\n\n\n<li>Mise \u00e0 jour et approbation du SUMP.<\/li>\n\n\n\n<li>\u00c9laboration d&#8217;un plan de participation du public.<\/li>\n<\/ul>\n\n<p>Avec ce nouveau d\u00e9fi, nous r\u00e9affirmons notre engagement en faveur d&#8217;une mobilit\u00e9 urbaine plus verte et plus efficace.<\/p>\n\n<p><\/p>\n","protected":false},"excerpt":{"rendered":"<p>CPS r\u00e9alisera la r\u00e9daction du projet de zone \u00e0 faible \u00e9mission (LEZ) et la mise \u00e0 jour du plan de mobilit\u00e9 urbaine [&hellip;]<\/p>\n","protected":false},"author":9,"featured_media":17598,"comment_status":"closed","ping_status":"open","sticky":false,"template":"","format":"standard","meta":{"footnotes":""},"categories":[101],"tags":[],"class_list":["post-17600","post","type-post","status-publish","format-standard","has-post-thumbnail","hentry","category-transport"],"_links":{"self":[{"href":"https:\/\/cps.es\/fr\/wp-json\/wp\/v2\/posts\/17600","targetHints":{"allow":["GET"]}}],"collection":[{"href":"https:\/\/cps.es\/fr\/wp-json\/wp\/v2\/posts"}],"about":[{"href":"https:\/\/cps.es\/fr\/wp-json\/wp\/v2\/types\/post"}],"author":[{"embeddable":true,"href":"https:\/\/cps.es\/fr\/wp-json\/wp\/v2\/users\/9"}],"replies":[{"embeddable":true,"href":"https:\/\/cps.es\/fr\/wp-json\/wp\/v2\/comments?post=17600"}],"version-history":[{"count":1,"href":"https:\/\/cps.es\/fr\/wp-json\/wp\/v2\/posts\/17600\/revisions"}],"predecessor-version":[{"id":17601,"href":"https:\/\/cps.es\/fr\/wp-json\/wp\/v2\/posts\/17600\/revisions\/17601"}],"wp:featuredmedia":[{"embeddable":true,"href":"https:\/\/cps.es\/fr\/wp-json\/wp\/v2\/media\/17598"}],"wp:attachment":[{"href":"https:\/\/cps.es\/fr\/wp-json\/wp\/v2\/media?parent=17600"}],"wp:term":[{"taxonomy":"category","embeddable":true,"href":"https:\/\/cps.es\/fr\/wp-json\/wp\/v2\/categories?post=17600"},{"taxonomy":"post_tag","embeddable":true,"href":"https:\/\/cps.es\/fr\/wp-json\/wp\/v2\/tags?post=17600"}],"curies":[{"name":"wp","href":"https:\/\/api.w.org\/{rel}","templated":true}]}}