{"id":17623,"date":"2025-10-22T11:15:32","date_gmt":"2025-10-22T09:15:32","guid":{"rendered":"https:\/\/cps.es\/cps-recoit-le-prix-de-la-formation-et-de-lemploi-lors-de-la-neuvieme-edition-du-prix-de-la-pme-de-lannee\/"},"modified":"2026-03-06T09:38:51","modified_gmt":"2026-03-06T08:38:51","slug":"cps-recoit-le-prix-de-la-formation-et-de-lemploi-lors-de-la-neuvieme-edition-du-prix-de-la-pme-de-lannee","status":"publish","type":"post","link":"https:\/\/cps.es\/fr\/cps-recoit-le-prix-de-la-formation-et-de-lemploi-lors-de-la-neuvieme-edition-du-prix-de-la-pme-de-lannee\/","title":{"rendered":"CPS re\u00e7oit le prix de la formation et de l&#8217;emploi lors de la neuvi\u00e8me \u00e9dition du prix de la PME de l&#8217;ann\u00e9e"},"content":{"rendered":"\n<figure class=\"wp-block-gallery has-nested-images columns-default is-cropped wp-block-gallery-1 is-layout-flex wp-block-gallery-is-layout-flex\">\n<figure class=\"wp-block-image size-large\"><img fetchpriority=\"high\" decoding=\"async\" width=\"1024\" height=\"683\" data-id=\"17609\" src=\"https:\/\/cps.es\/wp-content\/uploads\/2025\/10\/01-1024x683.webp\" alt=\"\" class=\"wp-image-17609\" srcset=\"https:\/\/cps.es\/wp-content\/uploads\/2025\/10\/01-1024x683.webp 1024w, https:\/\/cps.es\/wp-content\/uploads\/2025\/10\/01-300x200.webp 300w, https:\/\/cps.es\/wp-content\/uploads\/2025\/10\/01-768x512.webp 768w, https:\/\/cps.es\/wp-content\/uploads\/2025\/10\/01-1536x1024.webp 1536w, https:\/\/cps.es\/wp-content\/uploads\/2025\/10\/01-2048x1365.webp 2048w, https:\/\/cps.es\/wp-content\/uploads\/2025\/10\/01-650x433.webp 650w\" sizes=\"(max-width: 1024px) 100vw, 1024px\" \/><\/figure>\n\n\n\n<figure class=\"wp-block-image size-large\"><img decoding=\"async\" width=\"1024\" height=\"683\" data-id=\"17613\" src=\"https:\/\/cps.es\/wp-content\/uploads\/2025\/10\/02-1024x683.webp\" alt=\"\" class=\"wp-image-17613\" srcset=\"https:\/\/cps.es\/wp-content\/uploads\/2025\/10\/02-1024x683.webp 1024w, https:\/\/cps.es\/wp-content\/uploads\/2025\/10\/02-300x200.webp 300w, https:\/\/cps.es\/wp-content\/uploads\/2025\/10\/02-768x512.webp 768w, https:\/\/cps.es\/wp-content\/uploads\/2025\/10\/02-1536x1024.webp 1536w, https:\/\/cps.es\/wp-content\/uploads\/2025\/10\/02-2048x1365.webp 2048w, https:\/\/cps.es\/wp-content\/uploads\/2025\/10\/02-650x433.webp 650w\" sizes=\"(max-width: 1024px) 100vw, 1024px\" \/><\/figure>\n\n\n\n<figure class=\"wp-block-image size-large\"><img decoding=\"async\" width=\"1000\" height=\"563\" data-id=\"17608\" src=\"https:\/\/cps.es\/wp-content\/uploads\/2025\/10\/03.webp\" alt=\"\" class=\"wp-image-17608\" srcset=\"https:\/\/cps.es\/wp-content\/uploads\/2025\/10\/03.webp 1000w, https:\/\/cps.es\/wp-content\/uploads\/2025\/10\/03-300x169.webp 300w, https:\/\/cps.es\/wp-content\/uploads\/2025\/10\/03-768x432.webp 768w, https:\/\/cps.es\/wp-content\/uploads\/2025\/10\/03-650x366.webp 650w\" sizes=\"(max-width: 1000px) 100vw, 1000px\" \/><\/figure>\n\n\n\n<figure class=\"wp-block-image size-large\"><img loading=\"lazy\" decoding=\"async\" width=\"1024\" height=\"683\" data-id=\"17612\" src=\"https:\/\/cps.es\/wp-content\/uploads\/2025\/10\/04-1024x683.webp\" alt=\"\" class=\"wp-image-17612\" srcset=\"https:\/\/cps.es\/wp-content\/uploads\/2025\/10\/04-1024x683.webp 1024w, https:\/\/cps.es\/wp-content\/uploads\/2025\/10\/04-300x200.webp 300w, https:\/\/cps.es\/wp-content\/uploads\/2025\/10\/04-768x512.webp 768w, https:\/\/cps.es\/wp-content\/uploads\/2025\/10\/04-1536x1024.webp 1536w, https:\/\/cps.es\/wp-content\/uploads\/2025\/10\/04-2048x1365.webp 2048w, https:\/\/cps.es\/wp-content\/uploads\/2025\/10\/04-650x433.webp 650w\" sizes=\"(max-width: 1024px) 100vw, 1024px\" \/><\/figure>\n<\/figure>\n\n<hr class=\"wp-block-separator has-alpha-channel-opacity is-style-dots\"\/>\n\n<p>Nous sommes heureux de vous annoncer que <strong>CPS a re\u00e7u le prix de la formation et de l&#8217;emploi<\/strong> lors de la neuvi\u00e8me \u00e9dition du <strong>prix de la PME de l&#8217;ann\u00e9e<\/strong>, organis\u00e9 par <strong>Banco Santander<\/strong> et la <strong>chambre de commerce de Valence<\/strong>, en collaboration avec la<strong> chambre d&#8217;Espagne<\/strong> et le journal <strong>Levante EMV<\/strong>. Ce prix souligne le travail des PME dans la cr\u00e9ation d&#8217;emplois de qualit\u00e9 et le d\u00e9veloppement de leurs \u00e9quipes. <\/p>\n\n<p>Le prix a \u00e9t\u00e9 re\u00e7u par <strong>Juan Manuel Tejeda, <\/strong>notre directeur<strong> des ressources humaines et de la culture<\/strong>, qui a soulign\u00e9 l&#8217;engagement de l&#8217;entreprise \u00e0 <strong>cr\u00e9er des emplois de qualit\u00e9<\/strong>, en pla\u00e7ant les personnes au centre de toutes les d\u00e9cisions, non seulement pour offrir un <strong>excellent service \u00e0 nos clients<\/strong>, mais aussi pour <strong>prendre soin de leur exp\u00e9rience au sein de la CPS et encourager leur d\u00e9veloppement professionnel.<\/strong><\/p>\n\n<p>Depuis 2024, nous avons augment\u00e9 notre \u00e9quipe de <strong>40 %<\/strong>, en relevant le d\u00e9fi d&#8217;int\u00e9grer des talents et d&#8217;am\u00e9liorer notre culture dans un environnement \u00e0 croissance rapide. Nous entretenons \u00e9galement des <strong>partenariats<\/strong> solides <strong>avec des universit\u00e9s<\/strong> telles que l&#8217;<strong>Universit\u00e9 polytechnique de Valence<\/strong> (UPV), l&#8217;<strong>Universit\u00e9 polytechnique de Madrid<\/strong> (UPM) et l&#8217;<strong>Universit\u00e9 de S\u00e9ville<\/strong> (US), offrant des possibilit\u00e9s de stage \u00e0 de nouveaux talents et encourageant l&#8217;int\u00e9gration de profils divers et innovants dans notre \u00e9quipe. <\/p>\n\n<p>Parall\u00e8lement, nous maintenons un engagement fort en faveur de la diversit\u00e9, de l&#8217;\u00e9galit\u00e9 des chances et de l&#8217;\u00e9quilibre entre vie professionnelle et vie priv\u00e9e, en favorisant un environnement dans lequel chacun peut s&#8217;\u00e9panouir et se d\u00e9velopper professionnellement, ann\u00e9e apr\u00e8s ann\u00e9e.<\/p>\n\n<p>Cette reconnaissance nous encourage \u00e0 continuer \u00e0 travailler avec la m\u00eame passion, en accompagnant notre \u00e9quipe dans son d\u00e9veloppement et en nous engageant dans une culture d&#8217;apprentissage permanent, d&#8217;inclusion et d&#8217;innovation.<\/p>\n","protected":false},"excerpt":{"rendered":"<p>Nous sommes heureux de vous annoncer que CPS a re\u00e7u le prix de la formation et de l&#8217;emploi lors de la neuvi\u00e8me [&hellip;]<\/p>\n","protected":false},"author":9,"featured_media":17616,"comment_status":"closed","ping_status":"open","sticky":false,"template":"","format":"standard","meta":{"footnotes":""},"categories":[95,111,96],"tags":[],"class_list":["post-17623","post","type-post","status-publish","format-standard","has-post-thumbnail","hentry","category-cps-fr","category-en-vedette","category-valence"],"_links":{"self":[{"href":"https:\/\/cps.es\/fr\/wp-json\/wp\/v2\/posts\/17623","targetHints":{"allow":["GET"]}}],"collection":[{"href":"https:\/\/cps.es\/fr\/wp-json\/wp\/v2\/posts"}],"about":[{"href":"https:\/\/cps.es\/fr\/wp-json\/wp\/v2\/types\/post"}],"author":[{"embeddable":true,"href":"https:\/\/cps.es\/fr\/wp-json\/wp\/v2\/users\/9"}],"replies":[{"embeddable":true,"href":"https:\/\/cps.es\/fr\/wp-json\/wp\/v2\/comments?post=17623"}],"version-history":[{"count":1,"href":"https:\/\/cps.es\/fr\/wp-json\/wp\/v2\/posts\/17623\/revisions"}],"predecessor-version":[{"id":17624,"href":"https:\/\/cps.es\/fr\/wp-json\/wp\/v2\/posts\/17623\/revisions\/17624"}],"wp:featuredmedia":[{"embeddable":true,"href":"https:\/\/cps.es\/fr\/wp-json\/wp\/v2\/media\/17616"}],"wp:attachment":[{"href":"https:\/\/cps.es\/fr\/wp-json\/wp\/v2\/media?parent=17623"}],"wp:term":[{"taxonomy":"category","embeddable":true,"href":"https:\/\/cps.es\/fr\/wp-json\/wp\/v2\/categories?post=17623"},{"taxonomy":"post_tag","embeddable":true,"href":"https:\/\/cps.es\/fr\/wp-json\/wp\/v2\/tags?post=17623"}],"curies":[{"name":"wp","href":"https:\/\/api.w.org\/{rel}","templated":true}]}}