{"id":17691,"date":"2025-11-13T09:30:00","date_gmt":"2025-11-13T08:30:00","guid":{"rendered":"https:\/\/cps.es\/gestion-et-supervision-des-travaux-de-la-nouvelle-ece-alberto-tortajada-achevee\/"},"modified":"2025-11-18T10:39:44","modified_gmt":"2025-11-18T09:39:44","slug":"gestion-et-supervision-des-travaux-de-la-nouvelle-ece-alberto-tortajada-achevee","status":"publish","type":"post","link":"https:\/\/cps.es\/fr\/gestion-et-supervision-des-travaux-de-la-nouvelle-ece-alberto-tortajada-achevee\/","title":{"rendered":"Gestion et supervision des travaux de la nouvelle ECE Alberto Tortajada achev\u00e9e"},"content":{"rendered":"<div class=\"wp-block-image\">\n<figure class=\"aligncenter size-full is-resized\"><img fetchpriority=\"high\" decoding=\"async\" width=\"900\" height=\"502\" src=\"https:\/\/cps.es\/wp-content\/uploads\/2025\/11\/CEE-AlbertoTortajada-Algemesi.jpg\" alt=\"\" class=\"wp-image-17647\" style=\"width:620px;height:auto\" srcset=\"https:\/\/cps.es\/wp-content\/uploads\/2025\/11\/CEE-AlbertoTortajada-Algemesi.jpg 900w, https:\/\/cps.es\/wp-content\/uploads\/2025\/11\/CEE-AlbertoTortajada-Algemesi-300x167.jpg 300w, https:\/\/cps.es\/wp-content\/uploads\/2025\/11\/CEE-AlbertoTortajada-Algemesi-768x428.jpg 768w, https:\/\/cps.es\/wp-content\/uploads\/2025\/11\/CEE-AlbertoTortajada-Algemesi-650x363.jpg 650w\" sizes=\"(max-width: 900px) 100vw, 900px\" \/><\/figure>\n<\/div>\n<hr class=\"wp-block-separator has-alpha-channel-opacity is-style-dots\"\/>\n\n<p><strong>CPS<\/strong> en UTE a achev\u00e9 la <strong>gestion et la supervision des<\/strong> travaux <strong>de la<\/strong> nouvelle <strong>\u00e9cole d&#8217;\u00e9ducation sp\u00e9ciale (CEE) Alberto Tortajada<\/strong> situ\u00e9e \u00e0 Algemes\u00ed, Valence.<br\/><br\/>Le b\u00e2timent a \u00e9t\u00e9 con\u00e7u et construit conform\u00e9ment \u00e0 la <strong>norme Passivhaus<\/strong>, qui garantit une enveloppe totalement \u00e9tanche \u00e0 l&#8217;air et une isolation continue sur tout le p\u00e9rim\u00e8tre, y compris sous la dalle de fondation.<br\/><br\/>Gr\u00e2ce \u00e0 cela, le CEE Alberto Tortajada devient la <strong>premi\u00e8re \u00e9cole d&#8217;\u00e9ducation sp\u00e9cialis\u00e9e d&#8217;Espagne<\/strong> <strong>\u00e0 obtenir cette certification<\/strong>, se distinguant par sa haute efficacit\u00e9 \u00e9nerg\u00e9tique et son confort int\u00e9rieur.<br\/><br\/>D&#8217;une surface construite de <strong>3 031,26<sup>m2<\/sup><\/strong>, le centre est d\u00e9velopp\u00e9 sur un <strong>seul \u00e9tage de type clo\u00eetre,<\/strong> optimisant la fonctionnalit\u00e9 du complexe et facilitant des circulations claires et efficaces. Cette approche architecturale permet d&#8217;am\u00e9liorer l&#8217;orientation des \u00e9l\u00e8ves et le contr\u00f4le visuel par le personnel enseignant, garantissant ainsi un environnement \u00e9ducatif s\u00fbr et accessible. <br\/><br\/>CPS tient \u00e0 remercier la <strong>Generalitat Valenciana <\/strong>et la <strong>mairie d&#8217;Algemes\u00ed<\/strong> pour la confiance accord\u00e9e \u00e0 notre \u00e9quipe pour la gestion et la supervision de ce projet, qui refl\u00e8te notre engagement en faveur de l&#8217;excellence technique, de la durabilit\u00e9 et de l&#8217;innovation dans la conception d&#8217;infrastructures \u00e9ducatives inclusives.<\/p>\n","protected":false},"excerpt":{"rendered":"<p>CPS en UTE a achev\u00e9 la gestion et la supervision des travaux de la nouvelle \u00e9cole d&#8217;\u00e9ducation sp\u00e9ciale (CEE) Alberto Tortajada situ\u00e9e [&hellip;]<\/p>\n","protected":false},"author":9,"featured_media":17649,"comment_status":"closed","ping_status":"open","sticky":false,"template":"","format":"standard","meta":{"footnotes":""},"categories":[100,96],"tags":[],"class_list":["post-17691","post","type-post","status-publish","format-standard","has-post-thumbnail","hentry","category-architecture-fr","category-valence"],"_links":{"self":[{"href":"https:\/\/cps.es\/fr\/wp-json\/wp\/v2\/posts\/17691","targetHints":{"allow":["GET"]}}],"collection":[{"href":"https:\/\/cps.es\/fr\/wp-json\/wp\/v2\/posts"}],"about":[{"href":"https:\/\/cps.es\/fr\/wp-json\/wp\/v2\/types\/post"}],"author":[{"embeddable":true,"href":"https:\/\/cps.es\/fr\/wp-json\/wp\/v2\/users\/9"}],"replies":[{"embeddable":true,"href":"https:\/\/cps.es\/fr\/wp-json\/wp\/v2\/comments?post=17691"}],"version-history":[{"count":2,"href":"https:\/\/cps.es\/fr\/wp-json\/wp\/v2\/posts\/17691\/revisions"}],"predecessor-version":[{"id":17711,"href":"https:\/\/cps.es\/fr\/wp-json\/wp\/v2\/posts\/17691\/revisions\/17711"}],"wp:featuredmedia":[{"embeddable":true,"href":"https:\/\/cps.es\/fr\/wp-json\/wp\/v2\/media\/17649"}],"wp:attachment":[{"href":"https:\/\/cps.es\/fr\/wp-json\/wp\/v2\/media?parent=17691"}],"wp:term":[{"taxonomy":"category","embeddable":true,"href":"https:\/\/cps.es\/fr\/wp-json\/wp\/v2\/categories?post=17691"},{"taxonomy":"post_tag","embeddable":true,"href":"https:\/\/cps.es\/fr\/wp-json\/wp\/v2\/tags?post=17691"}],"curies":[{"name":"wp","href":"https:\/\/api.w.org\/{rel}","templated":true}]}}