{"id":17755,"date":"2025-11-26T14:58:31","date_gmt":"2025-11-26T13:58:31","guid":{"rendered":"https:\/\/cps.es\/cps-peru-se-reaffirme-comme-une-entreprise-sure-exempte-de-violence-et-de-discrimination-a-legard-des-femmes\/"},"modified":"2025-11-26T15:30:30","modified_gmt":"2025-11-26T14:30:30","slug":"cps-peru-se-reaffirme-comme-une-entreprise-sure-exempte-de-violence-et-de-discrimination-a-legard-des-femmes","status":"publish","type":"post","link":"https:\/\/cps.es\/fr\/cps-peru-se-reaffirme-comme-une-entreprise-sure-exempte-de-violence-et-de-discrimination-a-legard-des-femmes\/","title":{"rendered":"CPS Peru r\u00e9affirme son engagement en tant qu&#8217;entreprise s\u00fbre, exempte de violence et de discrimination \u00e0 l&#8217;\u00e9gard des femmes."},"content":{"rendered":"\n<figure class=\"wp-block-gallery aligncenter has-nested-images columns-default is-cropped wp-block-gallery-1 is-layout-flex wp-block-gallery-is-layout-flex\">\n<figure class=\"wp-block-image size-large\"><img fetchpriority=\"high\" decoding=\"async\" width=\"728\" height=\"787\" data-id=\"17770\" src=\"https:\/\/cps.es\/wp-content\/uploads\/2025\/11\/Foto5-1.jpeg\" alt=\"\" class=\"wp-image-17770\" srcset=\"https:\/\/cps.es\/wp-content\/uploads\/2025\/11\/Foto5-1.jpeg 728w, https:\/\/cps.es\/wp-content\/uploads\/2025\/11\/Foto5-1-278x300.jpeg 278w, https:\/\/cps.es\/wp-content\/uploads\/2025\/11\/Foto5-1-601x650.jpeg 601w\" sizes=\"(max-width: 728px) 100vw, 728px\" \/><\/figure>\n\n\n\n<figure class=\"wp-block-image size-large\"><img decoding=\"async\" width=\"1024\" height=\"576\" data-id=\"17742\" src=\"https:\/\/cps.es\/wp-content\/uploads\/2025\/11\/Foto10-1024x576.jpeg\" alt=\"\" class=\"wp-image-17742\" srcset=\"https:\/\/cps.es\/wp-content\/uploads\/2025\/11\/Foto10-1024x576.jpeg 1024w, https:\/\/cps.es\/wp-content\/uploads\/2025\/11\/Foto10-300x169.jpeg 300w, https:\/\/cps.es\/wp-content\/uploads\/2025\/11\/Foto10-768x432.jpeg 768w, https:\/\/cps.es\/wp-content\/uploads\/2025\/11\/Foto10-1536x864.jpeg 1536w, https:\/\/cps.es\/wp-content\/uploads\/2025\/11\/Foto10-650x365.jpeg 650w, https:\/\/cps.es\/wp-content\/uploads\/2025\/11\/Foto10.jpeg 1599w\" sizes=\"(max-width: 1024px) 100vw, 1024px\" \/><\/figure>\n\n\n\n<figure class=\"wp-block-image size-large\"><img decoding=\"async\" width=\"1024\" height=\"768\" data-id=\"17739\" src=\"https:\/\/cps.es\/wp-content\/uploads\/2025\/11\/02.-Foto8-1024x768.jpeg\" alt=\"\" class=\"wp-image-17739\" srcset=\"https:\/\/cps.es\/wp-content\/uploads\/2025\/11\/02.-Foto8-1024x768.jpeg 1024w, https:\/\/cps.es\/wp-content\/uploads\/2025\/11\/02.-Foto8-300x225.jpeg 300w, https:\/\/cps.es\/wp-content\/uploads\/2025\/11\/02.-Foto8-768x576.jpeg 768w, https:\/\/cps.es\/wp-content\/uploads\/2025\/11\/02.-Foto8-1536x1152.jpeg 1536w, https:\/\/cps.es\/wp-content\/uploads\/2025\/11\/02.-Foto8-650x488.jpeg 650w, https:\/\/cps.es\/wp-content\/uploads\/2025\/11\/02.-Foto8.jpeg 1600w\" sizes=\"(max-width: 1024px) 100vw, 1024px\" \/><\/figure>\n\n\n\n<figure class=\"wp-block-image size-large\"><img loading=\"lazy\" decoding=\"async\" width=\"1024\" height=\"768\" data-id=\"17746\" src=\"https:\/\/cps.es\/wp-content\/uploads\/2025\/11\/04.-Foto-2-1024x768.jpeg\" alt=\"\" class=\"wp-image-17746\" srcset=\"https:\/\/cps.es\/wp-content\/uploads\/2025\/11\/04.-Foto-2-1024x768.jpeg 1024w, https:\/\/cps.es\/wp-content\/uploads\/2025\/11\/04.-Foto-2-300x225.jpeg 300w, https:\/\/cps.es\/wp-content\/uploads\/2025\/11\/04.-Foto-2-768x576.jpeg 768w, https:\/\/cps.es\/wp-content\/uploads\/2025\/11\/04.-Foto-2-1536x1152.jpeg 1536w, https:\/\/cps.es\/wp-content\/uploads\/2025\/11\/04.-Foto-2-650x488.jpeg 650w, https:\/\/cps.es\/wp-content\/uploads\/2025\/11\/04.-Foto-2.jpeg 1600w\" sizes=\"(max-width: 1024px) 100vw, 1024px\" \/><\/figure>\n<\/figure>\n\n<hr class=\"wp-block-separator has-alpha-channel-opacity is-style-dots\"\/>\n\n<p>La <strong>CPS P\u00e9rou<\/strong> a particip\u00e9 en novembre dernier au lancement de la campagne <strong>&#8220;Environnements sans violence sexuelle&#8221;<\/strong>, organis\u00e9e par le <strong>minist\u00e8re des femmes et des populations vuln\u00e9rables<\/strong> (MIMP), dans le cadre de la Journ\u00e9e internationale pour l&#8217;\u00e9limination de la violence \u00e0 l&#8217;\u00e9gard des femmes, comm\u00e9mor\u00e9e le 25 novembre.  <\/p>\n\n<p>Cette campagne vise \u00e0 renforcer la collaboration entre les agences, \u00e0 sensibiliser \u00e0 l&#8217;importance de cr\u00e9er des espaces s\u00fbrs et \u00e0 encourager la pr\u00e9vention dans les environnements \u00e0 risque, dans le cadre de l&#8217;appel \u00e0 l&#8217;action : &#8220;Regarder, \u00e9couter et agir&#8221;.<\/p>\n\n<p>Dans le cadre de cette initiative, l&#8217;\u00e9quipe de CPS P\u00e9rou a \u00e9galement particip\u00e9 \u00e0 d&#8217;autres activit\u00e9s connexes :  <\/p>\n\n<ul class=\"wp-block-list\">\n<li>La foire &#8220;Environnements sans violence sexuelle&#8221;, qui s&#8217;est tenue le 22 novembre.  <\/li>\n\n\n\n<li>Une conf\u00e9rence de vulgarisation et de sensibilisation sur la violence \u00e0 l&#8217;\u00e9gard des femmes et les canaux de signalement a eu lieu le 24 novembre.  <\/li>\n\n\n\n<li>La remise de cadeaux aux employ\u00e9es de CPS P\u00e9rou, soulignant l&#8217;importance de promouvoir des actions qui renforcent la pr\u00e9vention et l&#8217;\u00e9galit\u00e9 des sexes.  <\/li>\n<\/ul>\n\n<p>Gr\u00e2ce \u00e0 ces activit\u00e9s, nous r\u00e9affirmons notre reconnaissance en tant qu&#8217;entreprise distingu\u00e9e par la marque de certification <strong>&#8220;Entreprise s\u00fbre, sans violence ni discrimination \u00e0 l&#8217;\u00e9gard des femmes&#8221;<\/strong>, d\u00e9cern\u00e9e par le MIMP, un sceau qui refl\u00e8te notre engagement \u00e0 cr\u00e9er un environnement de travail s\u00fbr, inclusif et respectueux.<\/p>\n\n<p><\/p>\n","protected":false},"excerpt":{"rendered":"<p>La CPS P\u00e9rou a particip\u00e9 en novembre dernier au lancement de la campagne &#8220;Environnements sans violence sexuelle&#8221;, organis\u00e9e par le minist\u00e8re des [&hellip;]<\/p>\n","protected":false},"author":9,"featured_media":17741,"comment_status":"closed","ping_status":"open","sticky":false,"template":"","format":"standard","meta":{"footnotes":""},"categories":[73],"tags":[],"class_list":["post-17755","post","type-post","status-publish","format-standard","has-post-thumbnail","hentry","category-international"],"_links":{"self":[{"href":"https:\/\/cps.es\/fr\/wp-json\/wp\/v2\/posts\/17755","targetHints":{"allow":["GET"]}}],"collection":[{"href":"https:\/\/cps.es\/fr\/wp-json\/wp\/v2\/posts"}],"about":[{"href":"https:\/\/cps.es\/fr\/wp-json\/wp\/v2\/types\/post"}],"author":[{"embeddable":true,"href":"https:\/\/cps.es\/fr\/wp-json\/wp\/v2\/users\/9"}],"replies":[{"embeddable":true,"href":"https:\/\/cps.es\/fr\/wp-json\/wp\/v2\/comments?post=17755"}],"version-history":[{"count":10,"href":"https:\/\/cps.es\/fr\/wp-json\/wp\/v2\/posts\/17755\/revisions"}],"predecessor-version":[{"id":17781,"href":"https:\/\/cps.es\/fr\/wp-json\/wp\/v2\/posts\/17755\/revisions\/17781"}],"wp:featuredmedia":[{"embeddable":true,"href":"https:\/\/cps.es\/fr\/wp-json\/wp\/v2\/media\/17741"}],"wp:attachment":[{"href":"https:\/\/cps.es\/fr\/wp-json\/wp\/v2\/media?parent=17755"}],"wp:term":[{"taxonomy":"category","embeddable":true,"href":"https:\/\/cps.es\/fr\/wp-json\/wp\/v2\/categories?post=17755"},{"taxonomy":"post_tag","embeddable":true,"href":"https:\/\/cps.es\/fr\/wp-json\/wp\/v2\/tags?post=17755"}],"curies":[{"name":"wp","href":"https:\/\/api.w.org\/{rel}","templated":true}]}}