{"id":17804,"date":"2025-12-10T08:00:00","date_gmt":"2025-12-10T07:00:00","guid":{"rendered":"https:\/\/cps.es\/appui-technique-a-la-gestion-integree-de-la-securite-routiere-sur-les-routes-du-conseil-provincial-de-valence\/"},"modified":"2025-12-10T08:00:38","modified_gmt":"2025-12-10T07:00:38","slug":"appui-technique-a-la-gestion-integree-de-la-securite-routiere-sur-les-routes-du-conseil-provincial-de-valence","status":"publish","type":"post","link":"https:\/\/cps.es\/fr\/appui-technique-a-la-gestion-integree-de-la-securite-routiere-sur-les-routes-du-conseil-provincial-de-valence\/","title":{"rendered":"Appui technique \u00e0 la gestion int\u00e9gr\u00e9e de la s\u00e9curit\u00e9 routi\u00e8re sur les routes du Conseil provincial de Valence."},"content":{"rendered":"<div class=\"wp-block-image\">\n<figure class=\"aligncenter size-full\"><img fetchpriority=\"high\" decoding=\"async\" width=\"900\" height=\"345\" src=\"https:\/\/cps.es\/wp-content\/uploads\/2025\/11\/Apoyo-SV-Dipu_newsletter.jpg\" alt=\"\" class=\"wp-image-17792\" srcset=\"https:\/\/cps.es\/wp-content\/uploads\/2025\/11\/Apoyo-SV-Dipu_newsletter.jpg 900w, https:\/\/cps.es\/wp-content\/uploads\/2025\/11\/Apoyo-SV-Dipu_newsletter-300x115.jpg 300w, https:\/\/cps.es\/wp-content\/uploads\/2025\/11\/Apoyo-SV-Dipu_newsletter-768x294.jpg 768w, https:\/\/cps.es\/wp-content\/uploads\/2025\/11\/Apoyo-SV-Dipu_newsletter-650x249.jpg 650w\" sizes=\"(max-width: 900px) 100vw, 900px\" \/><\/figure>\n<\/div>\n<p><\/p>\n\n<hr class=\"wp-block-separator has-alpha-channel-opacity is-style-dots\" \/>\n\n<p><strong>CPS<\/strong> r\u00e9alisera le <strong>lot 1<\/strong> du contrat <strong>&#8220;Appui technique au service de s\u00e9curit\u00e9 routi\u00e8re et de supervision de la zone des routes pour la gestion int\u00e9grale de la s\u00e9curit\u00e9 routi\u00e8re sur les routes du Conseil provincial de Valence&#8221;,<\/strong> un projet qui sera d\u00e9velopp\u00e9 au cours des deux prochaines ann\u00e9es et qui renforcera la s\u00e9curit\u00e9 sur le r\u00e9seau routier provincial.<\/p>\n\n<p>Notre travail se concentrera sur le <strong>d\u00e9veloppement de programmes annuels de s\u00e9curit\u00e9 routi\u00e8re<\/strong>, en suivant les lignes directrices de la strat\u00e9gie de s\u00e9curit\u00e9 routi\u00e8re 2030. Il s&#8217;agit notamment d&#8217;analyser le taux d&#8217;accidents sur le r\u00e9seau routier, d&#8217;identifier les tron\u00e7ons pr\u00e9sentant la plus forte concentration d&#8217;accidents et de r\u00e9diger des rapports et des propositions visant \u00e0 am\u00e9liorer la s\u00e9curit\u00e9 aux points critiques. Nous suivrons \u00e9galement les actions planifi\u00e9es par le Conseil provincial et participerons \u00e0 la pr\u00e9paration des rapports annuels pr\u00e9sent\u00e9s \u00e0 la Commission du trafic et de la s\u00e9curit\u00e9 routi\u00e8re de la Communaut\u00e9 valencienne.  <\/p>\n\n<p>En outre, nous vous aiderons \u00e0 r\u00e9diger des <strong>\u00e9tudes de s\u00e9curit\u00e9 routi\u00e8re<\/strong>, \u00e0 inspecter les accidents mortels ou tr\u00e8s graves &#8211; avec d\u00e9placement imm\u00e9diat si n\u00e9cessaire &#8211; et \u00e0 r\u00e9aliser des audits dans les phases de projet et de mise en service. Notre \u00e9quipe collaborera \u00e9galement \u00e0 la mise \u00e0 jour des bases de donn\u00e9es, \u00e0 la production de documentation technique et \u00e0 la pr\u00e9paration de mat\u00e9riel pour les conf\u00e9rences et les groupes de travail. <\/p>\n\n<p><\/p>\n","protected":false},"excerpt":{"rendered":"<p>CPS r\u00e9alisera le lot 1 du contrat &#8220;Appui technique au service de s\u00e9curit\u00e9 routi\u00e8re et de supervision de la zone des routes [&hellip;]<\/p>\n","protected":false},"author":19,"featured_media":17794,"comment_status":"closed","ping_status":"open","sticky":false,"template":"","format":"standard","meta":{"footnotes":""},"categories":[101,96],"tags":[],"class_list":["post-17804","post","type-post","status-publish","format-standard","has-post-thumbnail","hentry","category-transport","category-valence"],"_links":{"self":[{"href":"https:\/\/cps.es\/fr\/wp-json\/wp\/v2\/posts\/17804","targetHints":{"allow":["GET"]}}],"collection":[{"href":"https:\/\/cps.es\/fr\/wp-json\/wp\/v2\/posts"}],"about":[{"href":"https:\/\/cps.es\/fr\/wp-json\/wp\/v2\/types\/post"}],"author":[{"embeddable":true,"href":"https:\/\/cps.es\/fr\/wp-json\/wp\/v2\/users\/19"}],"replies":[{"embeddable":true,"href":"https:\/\/cps.es\/fr\/wp-json\/wp\/v2\/comments?post=17804"}],"version-history":[{"count":1,"href":"https:\/\/cps.es\/fr\/wp-json\/wp\/v2\/posts\/17804\/revisions"}],"predecessor-version":[{"id":17805,"href":"https:\/\/cps.es\/fr\/wp-json\/wp\/v2\/posts\/17804\/revisions\/17805"}],"wp:featuredmedia":[{"embeddable":true,"href":"https:\/\/cps.es\/fr\/wp-json\/wp\/v2\/media\/17794"}],"wp:attachment":[{"href":"https:\/\/cps.es\/fr\/wp-json\/wp\/v2\/media?parent=17804"}],"wp:term":[{"taxonomy":"category","embeddable":true,"href":"https:\/\/cps.es\/fr\/wp-json\/wp\/v2\/categories?post=17804"},{"taxonomy":"post_tag","embeddable":true,"href":"https:\/\/cps.es\/fr\/wp-json\/wp\/v2\/tags?post=17804"}],"curies":[{"name":"wp","href":"https:\/\/api.w.org\/{rel}","templated":true}]}}