{"id":17931,"date":"2026-01-16T10:51:54","date_gmt":"2026-01-16T09:51:54","guid":{"rendered":"https:\/\/cps.es\/les-travaux-du-nouveau-poste-de-police-de-la-guardia-civil-a-caudete-sont-termines\/"},"modified":"2026-01-16T10:53:43","modified_gmt":"2026-01-16T09:53:43","slug":"les-travaux-du-nouveau-poste-de-police-de-la-guardia-civil-a-caudete-sont-termines","status":"publish","type":"post","link":"https:\/\/cps.es\/fr\/les-travaux-du-nouveau-poste-de-police-de-la-guardia-civil-a-caudete-sont-termines\/","title":{"rendered":"Les travaux du nouveau poste de police de la Guardia Civil \u00e0 Caudete sont termin\u00e9s."},"content":{"rendered":"<div class=\"wp-block-image\">\n<figure class=\"aligncenter size-full is-resized\"><img fetchpriority=\"high\" decoding=\"async\" width=\"1000\" height=\"753\" src=\"https:\/\/cps.es\/wp-content\/uploads\/2026\/01\/web-Finalizacion-Obras-Comisaria-Caudete-CPS.jpg\" alt=\"\" class=\"wp-image-17927\" style=\"aspect-ratio:1.3280461427541457;width:600px;height:auto\" srcset=\"https:\/\/cps.es\/wp-content\/uploads\/2026\/01\/web-Finalizacion-Obras-Comisaria-Caudete-CPS.jpg 1000w, https:\/\/cps.es\/wp-content\/uploads\/2026\/01\/web-Finalizacion-Obras-Comisaria-Caudete-CPS-300x226.jpg 300w, https:\/\/cps.es\/wp-content\/uploads\/2026\/01\/web-Finalizacion-Obras-Comisaria-Caudete-CPS-768x578.jpg 768w, https:\/\/cps.es\/wp-content\/uploads\/2026\/01\/web-Finalizacion-Obras-Comisaria-Caudete-CPS-650x489.jpg 650w\" sizes=\"(max-width: 1000px) 100vw, 1000px\" \/><\/figure>\n<\/div>\n<hr class=\"wp-block-separator has-alpha-channel-opacity is-style-dots\"\/>\n\n<p>En d\u00e9cembre dernier a eu lieu l&#8217;inauguration du <strong>nouveau poste de police de la Guardia Civil \u00e0 Caudete<\/strong> (Albacete), o\u00f9 la <strong>CPS<\/strong> a particip\u00e9 en tant qu&#8217;<strong>assistance technique<\/strong>, en <strong>g\u00e9rant l&#8217;ex\u00e9cution des travaux<\/strong>, ainsi que la <strong>coordination de la sant\u00e9 et de la s\u00e9curit\u00e9<\/strong>, sous la gestion de la <strong>Sociedad de Infraestructuras y Equipamientos Penitenciarios y de la Seguridad<\/strong> del Estado<a href=\"https:\/\/www.siepse.es\/\" data-type=\"link\" data-id=\"https:\/\/www.siepse.es\/\" target=\"_blank\" rel=\"noopener\">(SIEPSE).<\/a><\/p>\n\n<p>La nouvelle caserne a \u00e9t\u00e9 con\u00e7ue selon des crit\u00e8res de fonctionnalit\u00e9, d&#8217;efficacit\u00e9 et de durabilit\u00e9, en conformit\u00e9 avec les normes des b\u00e2timents \u00e0 <strong>consommation d&#8217;\u00e9nergie quasi nulle (EECN).<\/strong> Le poste de police a une superficie de plus de <strong>1 800 m\u00b2<\/strong>, r\u00e9partie entre le sous-sol, le rez-de-chauss\u00e9e, le premier \u00e9tage et le toit, et est int\u00e9gr\u00e9 dans une enceinte s\u00e9curis\u00e9e avec des syst\u00e8mes de contr\u00f4le et de vid\u00e9osurveillance. <\/p>\n\n<p>Les installations comprennent des zones de service \u00e0 la client\u00e8le, des espaces administratifs et des zones \u00e0 usage interne, ainsi que des parkings en surface et souterrains, des espaces pour les v\u00e9hicules officiels, les v\u00e9los et des bornes de recharge pour les v\u00e9hicules \u00e9lectriques. Le b\u00e2timent est enti\u00e8rement accessible et a \u00e9t\u00e9 con\u00e7u pour r\u00e9pondre aux besoins actuels et aux futures extensions de services. <\/p>\n\n<p>D&#8217;un point de vue environnemental, le projet int\u00e8gre des solutions d&#8217;efficacit\u00e9 \u00e9nerg\u00e9tique, une climatisation individualis\u00e9e, des syst\u00e8mes de surveillance environnementale, des panneaux photovolta\u00efques et un am\u00e9nagement paysager bas\u00e9 sur des esp\u00e8ces indig\u00e8nes \u00e0 faible consommation d&#8217;eau. Certifi\u00e9 par <a href=\"https:\/\/gbce.es\/\" target=\"_blank\" rel=\"noopener\"><strong>Green Building Council Espagne<\/strong><\/a>le b\u00e2timent a obtenu le <strong>certificat VERDE, <\/strong>niveau<strong> argent <\/strong>, qui \u00e9value la durabilit\u00e9 du b\u00e2timent. <\/p>\n\n<p>La c\u00e9r\u00e9monie d&#8217;inauguration s&#8217;est d\u00e9roul\u00e9e en pr\u00e9sence du ministre de l&#8217;int\u00e9rieur, Fernando Grande-Marlaska, de la directrice g\u00e9n\u00e9rale de la garde civile, Mercedes Gonz\u00e1lez, de la d\u00e9l\u00e9gu\u00e9e du gouvernement en Castille-La Manche, Milagros Tol\u00f3n, de la pr\u00e9sidente de SIEPSE, Sof\u00eda Hernanz, et du maire de Caudete, Jos\u00e9 Miguel Moll\u00e1, entre autres autorit\u00e9s.<\/p>\n\n<p>La CPS remercie SIEPSE pour la confiance accord\u00e9e \u00e0 notre \u00e9quipe pour participer \u00e0 ce projet, partageant une vision commune visant \u00e0 l&#8217;am\u00e9lioration continue de la <strong>durabilit\u00e9, de l&#8217;efficacit\u00e9<\/strong> et de la <strong>qualit\u00e9 dans les b\u00e2timents publics<\/strong>.<\/p>\n","protected":false},"excerpt":{"rendered":"<p>En d\u00e9cembre dernier a eu lieu l&#8217;inauguration du nouveau poste de police de la Guardia Civil \u00e0 Caudete (Albacete), o\u00f9 la CPS [&hellip;]<\/p>\n","protected":false},"author":9,"featured_media":17929,"comment_status":"closed","ping_status":"open","sticky":false,"template":"","format":"standard","meta":{"footnotes":""},"categories":[100,107,185],"tags":[],"class_list":["post-17931","post","type-post","status-publish","format-standard","has-post-thumbnail","hentry","category-architecture-fr","category-infrastructure-fr","category-installations"],"_links":{"self":[{"href":"https:\/\/cps.es\/fr\/wp-json\/wp\/v2\/posts\/17931","targetHints":{"allow":["GET"]}}],"collection":[{"href":"https:\/\/cps.es\/fr\/wp-json\/wp\/v2\/posts"}],"about":[{"href":"https:\/\/cps.es\/fr\/wp-json\/wp\/v2\/types\/post"}],"author":[{"embeddable":true,"href":"https:\/\/cps.es\/fr\/wp-json\/wp\/v2\/users\/9"}],"replies":[{"embeddable":true,"href":"https:\/\/cps.es\/fr\/wp-json\/wp\/v2\/comments?post=17931"}],"version-history":[{"count":1,"href":"https:\/\/cps.es\/fr\/wp-json\/wp\/v2\/posts\/17931\/revisions"}],"predecessor-version":[{"id":17932,"href":"https:\/\/cps.es\/fr\/wp-json\/wp\/v2\/posts\/17931\/revisions\/17932"}],"wp:featuredmedia":[{"embeddable":true,"href":"https:\/\/cps.es\/fr\/wp-json\/wp\/v2\/media\/17929"}],"wp:attachment":[{"href":"https:\/\/cps.es\/fr\/wp-json\/wp\/v2\/media?parent=17931"}],"wp:term":[{"taxonomy":"category","embeddable":true,"href":"https:\/\/cps.es\/fr\/wp-json\/wp\/v2\/categories?post=17931"},{"taxonomy":"post_tag","embeddable":true,"href":"https:\/\/cps.es\/fr\/wp-json\/wp\/v2\/tags?post=17931"}],"curies":[{"name":"wp","href":"https:\/\/api.w.org\/{rel}","templated":true}]}}