{"id":18027,"date":"2026-02-10T09:30:42","date_gmt":"2026-02-10T08:30:42","guid":{"rendered":"https:\/\/cps.es\/reparation-et-reconstruction-complete-du-reseau-degouts-de-la-torre-valence\/"},"modified":"2026-02-10T09:31:02","modified_gmt":"2026-02-10T08:31:02","slug":"reparation-et-reconstruction-complete-du-reseau-degouts-de-la-torre-valence","status":"publish","type":"post","link":"https:\/\/cps.es\/fr\/reparation-et-reconstruction-complete-du-reseau-degouts-de-la-torre-valence\/","title":{"rendered":"R\u00e9paration et reconstruction compl\u00e8te du r\u00e9seau d&#8217;\u00e9gouts de La Torre, Valence."},"content":{"rendered":"<div class=\"wp-block-image\">\n<figure class=\"aligncenter size-full is-resized\"><img fetchpriority=\"high\" decoding=\"async\" width=\"800\" height=\"450\" src=\"https:\/\/cps.es\/wp-content\/uploads\/2026\/02\/reparacion-y-reconstruccion-integral-de-la-red-de-saneamiento.jpg\" alt=\"\" class=\"wp-image-18018\" style=\"width:576px;height:auto\" srcset=\"https:\/\/cps.es\/wp-content\/uploads\/2026\/02\/reparacion-y-reconstruccion-integral-de-la-red-de-saneamiento.jpg 800w, https:\/\/cps.es\/wp-content\/uploads\/2026\/02\/reparacion-y-reconstruccion-integral-de-la-red-de-saneamiento-300x169.jpg 300w, https:\/\/cps.es\/wp-content\/uploads\/2026\/02\/reparacion-y-reconstruccion-integral-de-la-red-de-saneamiento-768x432.jpg 768w, https:\/\/cps.es\/wp-content\/uploads\/2026\/02\/reparacion-y-reconstruccion-integral-de-la-red-de-saneamiento-650x366.jpg 650w\" sizes=\"(max-width: 800px) 100vw, 800px\" \/><figcaption class=\"wp-element-caption\">Google Earth<\/figcaption><\/figure>\n<\/div>\n<hr class=\"wp-block-separator has-alpha-channel-opacity is-style-dots\"\/>\n\n<p><strong>CPS<\/strong> en UTE, s&#8217;est vu attribuer le <strong>lot 1<\/strong> du projet de <strong>r\u00e9paration et de reconstruction<\/strong> des infrastructures touch\u00e9es par la DANA dans les districts de Valence, en prenant en charge le <strong>district de La Torre<\/strong>. Les travaux visent \u00e0 r\u00e9tablir les services essentiels endommag\u00e9s par les pluies extr\u00eames en octobre 2024. <\/p>\n\n<p>Le projet comprend la <strong>r\u00e9paration et la reconstruction compl\u00e8te du r\u00e9seau d&#8217;\u00e9gouts<\/strong>, avec plus de <strong>30 km de canalisations<\/strong> endommag\u00e9es qui seront remplac\u00e9es et adapt\u00e9es aux r\u00e9glementations en vigueur. En outre, des <strong>r\u00e9seaux s\u00e9par\u00e9s d&#8217;eaux us\u00e9es et d&#8217;eaux pluviales<\/strong> seront incorpor\u00e9s, des \u00e9l\u00e9ments de contr\u00f4le tels que des <strong>r\u00e9servoirs d&#8217;orage et des stations de pompage<\/strong>, ainsi que des syst\u00e8mes de <strong>drainage urbain durable (SUDS<\/strong> ) qui permettront de g\u00e9rer les eaux pluviales de mani\u00e8re efficace et durable. <\/p>\n\n<p>L&#8217;action comprend \u00e9galement le <strong>r\u00e9am\u00e9nagement des rues concern\u00e9es<\/strong>, selon des crit\u00e8res d&#8217;accessibilit\u00e9 universelle, de mobilit\u00e9 durable et d&#8217;int\u00e9gration paysag\u00e8re. Cela comprend le pavage, la signalisation, le mobilier urbain, l&#8217;am\u00e9nagement paysager et l&#8217;\u00e9clairage, en veillant \u00e0 ce que le quartier retrouve sa fonctionnalit\u00e9 de mani\u00e8re compl\u00e8te et s\u00fbre. <\/p>\n\n<p><\/p>\n","protected":false},"excerpt":{"rendered":"<p>CPS en UTE, s&#8217;est vu attribuer le lot 1 du projet de r\u00e9paration et de reconstruction des infrastructures touch\u00e9es par la DANA [&hellip;]<\/p>\n","protected":false},"author":9,"featured_media":18023,"comment_status":"closed","ping_status":"open","sticky":false,"template":"","format":"standard","meta":{"footnotes":""},"categories":[97,95,96],"tags":[],"class_list":["post-18027","post","type-post","status-publish","format-standard","has-post-thumbnail","hentry","category-civil-fr","category-cps-fr","category-valence"],"_links":{"self":[{"href":"https:\/\/cps.es\/fr\/wp-json\/wp\/v2\/posts\/18027","targetHints":{"allow":["GET"]}}],"collection":[{"href":"https:\/\/cps.es\/fr\/wp-json\/wp\/v2\/posts"}],"about":[{"href":"https:\/\/cps.es\/fr\/wp-json\/wp\/v2\/types\/post"}],"author":[{"embeddable":true,"href":"https:\/\/cps.es\/fr\/wp-json\/wp\/v2\/users\/9"}],"replies":[{"embeddable":true,"href":"https:\/\/cps.es\/fr\/wp-json\/wp\/v2\/comments?post=18027"}],"version-history":[{"count":1,"href":"https:\/\/cps.es\/fr\/wp-json\/wp\/v2\/posts\/18027\/revisions"}],"predecessor-version":[{"id":18028,"href":"https:\/\/cps.es\/fr\/wp-json\/wp\/v2\/posts\/18027\/revisions\/18028"}],"wp:featuredmedia":[{"embeddable":true,"href":"https:\/\/cps.es\/fr\/wp-json\/wp\/v2\/media\/18023"}],"wp:attachment":[{"href":"https:\/\/cps.es\/fr\/wp-json\/wp\/v2\/media?parent=18027"}],"wp:term":[{"taxonomy":"category","embeddable":true,"href":"https:\/\/cps.es\/fr\/wp-json\/wp\/v2\/categories?post=18027"},{"taxonomy":"post_tag","embeddable":true,"href":"https:\/\/cps.es\/fr\/wp-json\/wp\/v2\/tags?post=18027"}],"curies":[{"name":"wp","href":"https:\/\/api.w.org\/{rel}","templated":true}]}}