{"id":18084,"date":"2026-02-19T09:10:38","date_gmt":"2026-02-19T08:10:38","guid":{"rendered":"https:\/\/cps.es\/la-cps-et-luniversite-polytechnique-de-madrid-formalisent-un-accord-pour-la-creation-dune-nouvelle-chaire\/"},"modified":"2026-02-19T09:11:36","modified_gmt":"2026-02-19T08:11:36","slug":"la-cps-et-luniversite-polytechnique-de-madrid-formalisent-un-accord-pour-la-creation-dune-nouvelle-chaire","status":"publish","type":"post","link":"https:\/\/cps.es\/fr\/la-cps-et-luniversite-polytechnique-de-madrid-formalisent-un-accord-pour-la-creation-dune-nouvelle-chaire\/","title":{"rendered":"La CPS et l&#8217;Universit\u00e9 polytechnique de Madrid formalisent un accord pour la cr\u00e9ation d&#8217;une nouvelle chaire"},"content":{"rendered":"\n<figure class=\"wp-block-gallery has-nested-images columns-default is-cropped wp-block-gallery-1 is-layout-flex wp-block-gallery-is-layout-flex\">\n<figure class=\"wp-block-image size-large\"><img fetchpriority=\"high\" decoding=\"async\" width=\"1000\" height=\"667\" data-id=\"18060\" src=\"https:\/\/cps.es\/wp-content\/uploads\/2026\/02\/55085544002_d668cda409_o.jpg\" alt=\"\" class=\"wp-image-18060\" srcset=\"https:\/\/cps.es\/wp-content\/uploads\/2026\/02\/55085544002_d668cda409_o.jpg 1000w, https:\/\/cps.es\/wp-content\/uploads\/2026\/02\/55085544002_d668cda409_o-300x200.jpg 300w, https:\/\/cps.es\/wp-content\/uploads\/2026\/02\/55085544002_d668cda409_o-768x512.jpg 768w, https:\/\/cps.es\/wp-content\/uploads\/2026\/02\/55085544002_d668cda409_o-650x434.jpg 650w\" sizes=\"(max-width: 1000px) 100vw, 1000px\" \/><\/figure>\n\n\n\n<figure class=\"wp-block-image size-large\"><img decoding=\"async\" width=\"1000\" height=\"667\" data-id=\"18063\" src=\"https:\/\/cps.es\/wp-content\/uploads\/2026\/02\/55085544012_fce134e813_o.jpg\" alt=\"\" class=\"wp-image-18063\" srcset=\"https:\/\/cps.es\/wp-content\/uploads\/2026\/02\/55085544012_fce134e813_o.jpg 1000w, https:\/\/cps.es\/wp-content\/uploads\/2026\/02\/55085544012_fce134e813_o-300x200.jpg 300w, https:\/\/cps.es\/wp-content\/uploads\/2026\/02\/55085544012_fce134e813_o-768x512.jpg 768w, https:\/\/cps.es\/wp-content\/uploads\/2026\/02\/55085544012_fce134e813_o-650x434.jpg 650w\" sizes=\"(max-width: 1000px) 100vw, 1000px\" \/><\/figure>\n\n\n\n<figure class=\"wp-block-image size-large\"><img decoding=\"async\" width=\"1000\" height=\"667\" data-id=\"18066\" src=\"https:\/\/cps.es\/wp-content\/uploads\/2026\/02\/55086434276_ac7903fdde_o.jpg\" alt=\"\" class=\"wp-image-18066\" srcset=\"https:\/\/cps.es\/wp-content\/uploads\/2026\/02\/55086434276_ac7903fdde_o.jpg 1000w, https:\/\/cps.es\/wp-content\/uploads\/2026\/02\/55086434276_ac7903fdde_o-300x200.jpg 300w, https:\/\/cps.es\/wp-content\/uploads\/2026\/02\/55086434276_ac7903fdde_o-768x512.jpg 768w, https:\/\/cps.es\/wp-content\/uploads\/2026\/02\/55086434276_ac7903fdde_o-650x434.jpg 650w\" sizes=\"(max-width: 1000px) 100vw, 1000px\" \/><\/figure>\n\n\n\n<figure class=\"wp-block-image size-large\"><img loading=\"lazy\" decoding=\"async\" width=\"1000\" height=\"667\" data-id=\"18069\" src=\"https:\/\/cps.es\/wp-content\/uploads\/2026\/02\/55086640308_f8e84dce4b_o.jpg\" alt=\"\" class=\"wp-image-18069\" srcset=\"https:\/\/cps.es\/wp-content\/uploads\/2026\/02\/55086640308_f8e84dce4b_o.jpg 1000w, https:\/\/cps.es\/wp-content\/uploads\/2026\/02\/55086640308_f8e84dce4b_o-300x200.jpg 300w, https:\/\/cps.es\/wp-content\/uploads\/2026\/02\/55086640308_f8e84dce4b_o-768x512.jpg 768w, https:\/\/cps.es\/wp-content\/uploads\/2026\/02\/55086640308_f8e84dce4b_o-650x434.jpg 650w\" sizes=\"(max-width: 1000px) 100vw, 1000px\" \/><\/figure>\n\n\n\n<figure class=\"wp-block-image size-large\"><img loading=\"lazy\" decoding=\"async\" width=\"1000\" height=\"667\" data-id=\"18072\" src=\"https:\/\/cps.es\/wp-content\/uploads\/2026\/02\/55086640473_60822e7b8d_o.jpg\" alt=\"\" class=\"wp-image-18072\" srcset=\"https:\/\/cps.es\/wp-content\/uploads\/2026\/02\/55086640473_60822e7b8d_o.jpg 1000w, https:\/\/cps.es\/wp-content\/uploads\/2026\/02\/55086640473_60822e7b8d_o-300x200.jpg 300w, https:\/\/cps.es\/wp-content\/uploads\/2026\/02\/55086640473_60822e7b8d_o-768x512.jpg 768w, https:\/\/cps.es\/wp-content\/uploads\/2026\/02\/55086640473_60822e7b8d_o-650x434.jpg 650w\" sizes=\"(max-width: 1000px) 100vw, 1000px\" \/><\/figure>\n\n\n\n<figure class=\"wp-block-image size-large\"><img loading=\"lazy\" decoding=\"async\" width=\"1000\" height=\"667\" data-id=\"18075\" src=\"https:\/\/cps.es\/wp-content\/uploads\/2026\/02\/55086801455_8fac0ee8cf_o.jpg\" alt=\"\" class=\"wp-image-18075\" srcset=\"https:\/\/cps.es\/wp-content\/uploads\/2026\/02\/55086801455_8fac0ee8cf_o.jpg 1000w, https:\/\/cps.es\/wp-content\/uploads\/2026\/02\/55086801455_8fac0ee8cf_o-300x200.jpg 300w, https:\/\/cps.es\/wp-content\/uploads\/2026\/02\/55086801455_8fac0ee8cf_o-768x512.jpg 768w, https:\/\/cps.es\/wp-content\/uploads\/2026\/02\/55086801455_8fac0ee8cf_o-650x434.jpg 650w\" sizes=\"(max-width: 1000px) 100vw, 1000px\" \/><\/figure>\n<\/figure>\n\n<hr class=\"wp-block-separator has-alpha-channel-opacity is-style-dots\"\/>\n\n<p><strong>CPS <\/strong>et l&#8217;Universit\u00e9 <strong>polytechnique <\/strong>de Madrid (<strong>UPM <\/strong>). <strong><a href=\"https:\/\/www.upm.es\/?id=CON25620&amp;prefmt=articulo&amp;fmt=detail\" data-type=\"link\" data-id=\"https:\/\/www.upm.es\/?id=CON25620&amp;prefmt=articulo&amp;fmt=detail\" target=\"_blank\" rel=\"noopener\">Universit\u00e9 polytechnique de Madrid (UPM)<\/a><\/strong>ont formalis\u00e9 un accord strat\u00e9gique qui donne lieu \u00e0 la cr\u00e9ation de la <a href=\"https:\/\/www.linkedin.com\/company\/datos-para-una-movilidad-mas-sostenible\/?lipi=urn%3Ali%3Apage%3Ad_flagship3_feed%3BB0vobNkORIi8HV5JOxqfzw%3D%3D\" data-type=\"link\" data-id=\"https:\/\/www.linkedin.com\/company\/datos-para-una-movilidad-mas-sostenible\/?lipi=urn%3Ali%3Apage%3Ad_flagship3_feed%3BB0vobNkORIi8HV5JOxqfzw%3D%3D\" target=\"_blank\" rel=\"noopener\">chaire &#8220;Data for a more Sustainable Mobility&#8221;.<\/a> Ce nouveau domaine de collaboration vise \u00e0 promouvoir le d\u00e9veloppement scientifique et technologique dans le domaine de la gestion avanc\u00e9e des donn\u00e9es appliqu\u00e9e \u00e0 la mobilit\u00e9 et \u00e0 la s\u00e9curit\u00e9 routi\u00e8re. <\/p>\n\n<p>L&#8217;accord, sign\u00e9 au <strong>rectorat de l&#8217;UPM<\/strong> par le recteur \u00d3scar <strong>Garc\u00eda Su\u00e1rez<\/strong> et <strong>Gonzalo L\u00f3pez <\/strong>, directeur g\u00e9n\u00e9ral de la <strong><a href=\"https:\/\/www.linkedin.com\/company\/cps-ingenieros-obra-civil-y-medio-ambiente\/\" data-type=\"link\" data-id=\"https:\/\/www.linkedin.com\/company\/cps-ingenieros-obra-civil-y-medio-ambiente\/\" target=\"_blank\" rel=\"noopener\">CPS<\/a><\/strong>consolide une alliance qui int\u00e8gre la recherche acad\u00e9mique et l&#8217;application pratique dans le secteur. Promue par l&#8217;<strong>ETSI de Caminos, Canales y Puertos<\/strong> et le <strong>Centro de Investigaci\u00f3n del Transporte (TRANSyT<\/strong>), la Chaire s&#8217;articule autour de trois axes fondamentaux : la <strong>diffusion, la recherche et la formation.<\/strong> <\/p>\n\n<p>Cette initiative est n\u00e9e dans un contexte o\u00f9 la disponibilit\u00e9 de donn\u00e9es en temps r\u00e9el &#8211; provenant de capteurs, de signaux GPS ou de dispositifs mobiles &#8211; permet de relever de mani\u00e8re innovante des d\u00e9fis tels que la congestion, la planification de la mobilit\u00e9 ou la r\u00e9duction des accidents. <strong><a href=\"https:\/\/catedracpsupm.es\/\" data-type=\"link\" data-id=\"https:\/\/catedracpsupm.es\/\" target=\"_blank\" rel=\"noopener\">La Chaire<\/a><\/strong> est \u00e9galement configur\u00e9e comme un forum de r\u00e9f\u00e9rence pour le secteur public et priv\u00e9, sous la direction partag\u00e9e de <strong>Juan G\u00f3mez (UPM) et Javier Tarri\u00f1o (CPS)<\/strong>.<\/p>\n\n<p>La c\u00e9r\u00e9monie d&#8217;ouverture s&#8217;est d\u00e9roul\u00e9e en pr\u00e9sence de repr\u00e9sentants institutionnels des deux organisations, qui ont r\u00e9affirm\u00e9 leur engagement commun en faveur d&#8217;une mobilit\u00e9 plus durable.<\/p>\n\n<p>Pour notre organisation, cette collaboration est une excellente occasion d&#8217;accro\u00eetre la valeur des nouvelles sources d&#8217;information et de contribuer \u00e0 am\u00e9liorer la prise de d\u00e9cision des gestionnaires de la mobilit\u00e9 en Espagne.<\/p>\n\n<p>Cr\u00e9dits photos : Universidad Polit\u00e9cnica de Madrid<\/p>\n","protected":false},"excerpt":{"rendered":"<p>CPS et l&#8217;Universit\u00e9 polytechnique de Madrid (UPM ). Universit\u00e9 polytechnique de Madrid (UPM)ont formalis\u00e9 un accord strat\u00e9gique qui donne lieu \u00e0 la [&hellip;]<\/p>\n","protected":false},"author":9,"featured_media":0,"comment_status":"closed","ping_status":"open","sticky":false,"template":"","format":"standard","meta":{"footnotes":""},"categories":[95,111,103,105],"tags":[],"class_list":["post-18084","post","type-post","status-publish","format-standard","hentry","category-cps-fr","category-en-vedette","category-espagne","category-innovation-fr"],"_links":{"self":[{"href":"https:\/\/cps.es\/fr\/wp-json\/wp\/v2\/posts\/18084","targetHints":{"allow":["GET"]}}],"collection":[{"href":"https:\/\/cps.es\/fr\/wp-json\/wp\/v2\/posts"}],"about":[{"href":"https:\/\/cps.es\/fr\/wp-json\/wp\/v2\/types\/post"}],"author":[{"embeddable":true,"href":"https:\/\/cps.es\/fr\/wp-json\/wp\/v2\/users\/9"}],"replies":[{"embeddable":true,"href":"https:\/\/cps.es\/fr\/wp-json\/wp\/v2\/comments?post=18084"}],"version-history":[{"count":1,"href":"https:\/\/cps.es\/fr\/wp-json\/wp\/v2\/posts\/18084\/revisions"}],"predecessor-version":[{"id":18085,"href":"https:\/\/cps.es\/fr\/wp-json\/wp\/v2\/posts\/18084\/revisions\/18085"}],"wp:attachment":[{"href":"https:\/\/cps.es\/fr\/wp-json\/wp\/v2\/media?parent=18084"}],"wp:term":[{"taxonomy":"category","embeddable":true,"href":"https:\/\/cps.es\/fr\/wp-json\/wp\/v2\/categories?post=18084"},{"taxonomy":"post_tag","embeddable":true,"href":"https:\/\/cps.es\/fr\/wp-json\/wp\/v2\/tags?post=18084"}],"curies":[{"name":"wp","href":"https:\/\/api.w.org\/{rel}","templated":true}]}}