{"id":18184,"date":"2026-03-06T09:20:00","date_gmt":"2026-03-06T08:20:00","guid":{"rendered":"https:\/\/cps.es\/diriger-avec-determination-cristina-vazquez-enguix\/"},"modified":"2026-03-05T14:42:30","modified_gmt":"2026-03-05T13:42:30","slug":"diriger-avec-determination-cristina-vazquez-enguix","status":"publish","type":"post","link":"https:\/\/cps.es\/fr\/diriger-avec-determination-cristina-vazquez-enguix\/","title":{"rendered":"Diriger avec d\u00e9termination &#8211; Cristina V\u00e1zquez Enguix"},"content":{"rendered":"\n<div class=\"wp-block-media-text has-media-on-the-right is-stacked-on-mobile is-image-fill-element\"><div class=\"wp-block-media-text__content\">\n<p><strong>Cristina V\u00e1zquez Enguix<\/strong>, \u00e9conomiste avec plus de <strong>15 ans<\/strong> d&#8217;exp\u00e9rience dans le domaine financier, est <strong>directrice de la gestion d&#8217;entreprise <\/strong>\u00e0 la <strong>CPS<\/strong>. Sp\u00e9cialis\u00e9e dans la planification financi\u00e8re, l&#8217;analyse et la prise de d\u00e9cisions strat\u00e9giques, elle a dirig\u00e9 des \u00e9quipes dans des environnements exigeants. Son exp\u00e9rience dans le conseil lui donne une vision large de l&#8217;entreprise qui se refl\u00e8te dans sa gestion quotidienne de l&#8217;entreprise. <\/p>\n<\/div><figure class=\"wp-block-media-text__media\"><img fetchpriority=\"high\" decoding=\"async\" width=\"1000\" height=\"970\" src=\"https:\/\/cps.es\/wp-content\/uploads\/2026\/03\/CVE_02-1.jpg\" alt=\"\" class=\"wp-image-18165 size-full\" style=\"object-position:54% 11%\" srcset=\"https:\/\/cps.es\/wp-content\/uploads\/2026\/03\/CVE_02-1.jpg 1000w, https:\/\/cps.es\/wp-content\/uploads\/2026\/03\/CVE_02-1-300x291.jpg 300w, https:\/\/cps.es\/wp-content\/uploads\/2026\/03\/CVE_02-1-768x745.jpg 768w, https:\/\/cps.es\/wp-content\/uploads\/2026\/03\/CVE_02-1-650x631.jpg 650w\" sizes=\"(max-width: 1000px) 100vw, 1000px\" \/><\/figure><\/div>\n\n<hr class=\"wp-block-separator has-alpha-channel-opacity is-style-dots\"\/>\n\n<p><strong>Que signifie pour vous l&#8217;exercice du leadership au sein de l&#8217;entreprise ?<\/strong><\/p>\n\n<p>Pour moi, le leadership, c&#8217;est la construction d&#8217;une \u00e9quipe, c&#8217;est accompagner les gens dans la construction d&#8217;un projet commun, c&#8217;est donner une direction et un sens aux efforts collectifs. Cela implique de prendre des d\u00e9cisions avec une vision strat\u00e9gique, mais aussi d&#8217;\u00e9couter, de motiver et de susciter la confiance. <\/p>\n\n<p>Je pense que le progr\u00e8s est atteint lorsque toutes les personnes \u00e9voluent parall\u00e8lement \u00e0 la croissance de l&#8217;organisation. Pour que le terme de leadership soit efficace, je pense qu&#8217;il faut combiner direction et proximit\u00e9, promouvoir l&#8217;autonomie et le d\u00e9veloppement de l&#8217;\u00e9quipe avec de l&#8217;empathie. <\/p>\n\n<hr class=\"wp-block-separator has-alpha-channel-opacity is-style-dots\"\/>\n\n<p><strong>Quelle est l&#8217;importance de la visibilit\u00e9 des femmes aux postes de direction ?<\/strong><\/p>\n\n<p>Je suis consciente qu&#8217;au XXIe si\u00e8cle, en 2026, le r\u00f4le des femmes dans les postes de direction n&#8217;est pas encore une image courante, mais je suis d&#8217;avis que cette visibilit\u00e9 est essentielle pour normaliser les structures mixtes et briser les inerties historiques. Je suis fermement convaincue que la pr\u00e9sence des femmes \u00e0 ces postes implique une culture d&#8217;entreprise plus \u00e9quitable et plus durable.   <\/p>\n\n<hr class=\"wp-block-separator has-alpha-channel-opacity is-style-dots\"\/>\n\n<p><strong>Quels changements culturels sont encore n\u00e9cessaires dans le monde de l&#8217;entreprise pour parvenir \u00e0 une v\u00e9ritable \u00e9galit\u00e9 ?<\/strong><\/p>\n\n<p>Il est n\u00e9cessaire d&#8217;\u00e9voluer vers des mod\u00e8les de leadership plus souples, ax\u00e9s sur le talent et les r\u00e9sultats, et non sur les st\u00e9r\u00e9otypes ou les hi\u00e9rarchies traditionnelles. L&#8217;\u00e9quit\u00e9 r\u00e9elle exige que les organisations reconnaissent la diversit\u00e9 des origines et des formes de leadership, en \u00e9liminant les pr\u00e9jug\u00e9s en mati\u00e8re d&#8217;\u00e9valuation, de promotion et d&#8217;\u00e9quilibre entre vie professionnelle et vie priv\u00e9e. <\/p>\n\n<p>Transformer la culture implique d&#8217;\u00e9duquer \u00e0 la coresponsabilit\u00e9 et de cr\u00e9er des environnements o\u00f9 l&#8217;\u00e9galit\u00e9 des chances est une pratique et non une simple d\u00e9claration.<\/p>\n\n<hr class=\"wp-block-separator has-alpha-channel-opacity is-style-dots\"\/>\n\n<p><strong>Quels conseils donneriez-vous aux jeunes professionnels qui aspirent \u00e0 occuper des postes de direction ?<\/strong><\/p>\n\n<p>Je leur conseillerais de croire en leurs capacit\u00e9s, de se pr\u00e9parer, d&#8217;oser relever des d\u00e9fis et d&#8217;apprendre de chaque exp\u00e9rience. L&#8217;\u00e9volution professionnelle n&#8217;est pas toujours simple, mais la pers\u00e9v\u00e9rance et la clart\u00e9 de l&#8217;objectif ouvrent la voie. <\/p>\n\n<p>Diriger signifie maintenir l&#8217;int\u00e9grit\u00e9 dans chaque d\u00e9cision et agir avec sens. Laissez-les trouver dans leur propre motivation la volont\u00e9 de cr\u00e9er leur destin, en allant de l&#8217;avant avec conviction et en essayant de laisser leur propre marque \u00e0 chaque pas qu&#8217;ils font. <\/p>\n\n<p><\/p>\n","protected":false},"excerpt":{"rendered":"<p>Entretien avec Mar\u00eda Bediaga<\/p>\n","protected":false},"author":9,"featured_media":18152,"comment_status":"closed","ping_status":"open","sticky":false,"template":"","format":"standard","meta":{"footnotes":""},"categories":[95],"tags":[],"class_list":["post-18184","post","type-post","status-publish","format-standard","has-post-thumbnail","hentry","category-cps-fr"],"_links":{"self":[{"href":"https:\/\/cps.es\/fr\/wp-json\/wp\/v2\/posts\/18184","targetHints":{"allow":["GET"]}}],"collection":[{"href":"https:\/\/cps.es\/fr\/wp-json\/wp\/v2\/posts"}],"about":[{"href":"https:\/\/cps.es\/fr\/wp-json\/wp\/v2\/types\/post"}],"author":[{"embeddable":true,"href":"https:\/\/cps.es\/fr\/wp-json\/wp\/v2\/users\/9"}],"replies":[{"embeddable":true,"href":"https:\/\/cps.es\/fr\/wp-json\/wp\/v2\/comments?post=18184"}],"version-history":[{"count":5,"href":"https:\/\/cps.es\/fr\/wp-json\/wp\/v2\/posts\/18184\/revisions"}],"predecessor-version":[{"id":18209,"href":"https:\/\/cps.es\/fr\/wp-json\/wp\/v2\/posts\/18184\/revisions\/18209"}],"wp:featuredmedia":[{"embeddable":true,"href":"https:\/\/cps.es\/fr\/wp-json\/wp\/v2\/media\/18152"}],"wp:attachment":[{"href":"https:\/\/cps.es\/fr\/wp-json\/wp\/v2\/media?parent=18184"}],"wp:term":[{"taxonomy":"category","embeddable":true,"href":"https:\/\/cps.es\/fr\/wp-json\/wp\/v2\/categories?post=18184"},{"taxonomy":"post_tag","embeddable":true,"href":"https:\/\/cps.es\/fr\/wp-json\/wp\/v2\/tags?post=18184"}],"curies":[{"name":"wp","href":"https:\/\/api.w.org\/{rel}","templated":true}]}}