{"id":19016,"date":"2026-04-23T09:23:10","date_gmt":"2026-04-23T07:23:10","guid":{"rendered":"https:\/\/cps.es\/les-travaux-dhumanisation-de-la-n-332-a-sueca-valence-sont-termines\/"},"modified":"2026-04-23T09:23:27","modified_gmt":"2026-04-23T07:23:27","slug":"les-travaux-dhumanisation-de-la-n-332-a-sueca-valence-sont-termines","status":"publish","type":"post","link":"https:\/\/cps.es\/fr\/les-travaux-dhumanisation-de-la-n-332-a-sueca-valence-sont-termines\/","title":{"rendered":"Les travaux d&#8217;humanisation de la N-332 \u00e0 Sueca (Valence) sont termin\u00e9s."},"content":{"rendered":"<div class=\"wp-block-image\">\n<figure class=\"aligncenter size-full is-resized\"><img fetchpriority=\"high\" decoding=\"async\" width=\"700\" height=\"525\" src=\"https:\/\/cps.es\/wp-content\/uploads\/2026\/04\/web-plano-general-travesia_0.jpg\" alt=\"\" class=\"wp-image-19011\" style=\"width:520px;height:auto\" srcset=\"https:\/\/cps.es\/wp-content\/uploads\/2026\/04\/web-plano-general-travesia_0.jpg 700w, https:\/\/cps.es\/wp-content\/uploads\/2026\/04\/web-plano-general-travesia_0-300x225.jpg 300w, https:\/\/cps.es\/wp-content\/uploads\/2026\/04\/web-plano-general-travesia_0-650x488.jpg 650w\" sizes=\"(max-width: 700px) 100vw, 700px\" \/><figcaption class=\"wp-element-caption\">Source : Salle de presse &#8211; Minist\u00e8re des Transports et de la Mobilit\u00e9 durable<\/figcaption><\/figure>\n<\/div>\n<hr class=\"wp-block-separator has-alpha-channel-opacity is-style-dots\"\/>\n\n<p>Mercredi dernier, le <strong>passage de la route N-332<\/strong> a \u00e9t\u00e9 ouvert \u00e0 la circulation dans la municipalit\u00e9 de <strong>Sueca (Valence)<\/strong>, o\u00f9 la <strong><a href=\"https:\/\/www.linkedin.com\/company\/cps-ingenieros-obra-civil-y-medio-ambiente\/\" data-type=\"link\" data-id=\"https:\/\/www.linkedin.com\/company\/cps-ingenieros-obra-civil-y-medio-ambiente\/\" target=\"_blank\" rel=\"noopener\">CPS<\/a><\/strong> a r\u00e9alis\u00e9 la <strong>consultation et l&#8217;assistance technique pour le contr\u00f4le et la surveillance des travaux.<\/strong><\/p>\n\n<p>Les travaux d&#8217;humanisation, promus par le <strong><a href=\"https:\/\/www.transportes.gob.es\/ministerio\/comunicacion\/sala-prensa\/jue-16042026-1513\" data-type=\"link\" data-id=\"https:\/\/www.transportes.gob.es\/ministerio\/comunicacion\/sala-prensa\/jue-16042026-1513\" target=\"_blank\" rel=\"noopener\">Minist\u00e8re des Transports et de la Mobilit\u00e9 durable<\/a><\/strong> Les travaux d&#8217;humanisation, promus par le minist\u00e8re des Transports et de la Mobilit\u00e9 durable avec un financement de <strong>4,32 millions d&#8217;euros <\/strong>provenant des fonds europ\u00e9ens du plan de relance, de transformation et de r\u00e9silience<strong>(NextGenerationEU)<\/strong>, ont permis de transformer pr\u00e8s de <strong>cinq kilom\u00e8tres de <\/strong>route nationale en un <strong>axe urbain int\u00e9gr\u00e9 et adapt\u00e9 \u00e0 la mobilit\u00e9 active.<\/strong><\/p>\n\n<p>Tout au long de l&#8217;ex\u00e9cution, <strong>CPS<\/strong> a fourni une assistance technique pour le suivi et le contr\u00f4le des travaux. Parmi les actions supervis\u00e9es figurent la construction d&#8217;une piste cyclable, l&#8217;\u00e9largissement des trottoirs, le remplacement des intersections par des ronds-points, la r\u00e9duction de la largeur des voies, l&#8217;installation d&#8217;un terre-plein semi-bloquant, la r\u00e9habilitation du rev\u00eatement routier avec des caract\u00e9ristiques d&#8217;absorption acoustique, la mise en place de passages pi\u00e9tons sur\u00e9lev\u00e9s et la r\u00e9novation de l&#8217;\u00e9clairage \u00e0 l&#8217;aide de la technologie LED. <\/p>\n\n<p>Le r\u00e9sultat est une route qui cesse d&#8217;\u00eatre une barri\u00e8re au sein de la municipalit\u00e9 et devient un axe urbain accessible et s\u00fbr pour les pi\u00e9tons et les cyclistes.<\/p>\n\n<p>Cette intervention, notre <strong>engagement <\/strong>dans des projets qui contribuent \u00e0 l&#8217;<strong>am\u00e9lioration de la qualit\u00e9 de vie des citoyens<\/strong> et \u00e0 l&#8217;\u00e9volution vers des mod\u00e8les de <strong>mobilit\u00e9 plus durables et plus humains.<\/strong><\/p>\n\n<hr class=\"wp-block-separator has-alpha-channel-opacity is-style-dots\"\/>\n\n<figure class=\"wp-block-embed is-type-video is-provider-youtube wp-block-embed-youtube wp-embed-aspect-16-9 wp-has-aspect-ratio\"><div class=\"wp-block-embed__wrapper\">\n<iframe title=\"Adecuaci\u00f3n de la N-332 a peatones y bicis en Sueca (Valencia)\" width=\"1000\" height=\"563\" src=\"https:\/\/www.youtube.com\/embed\/zXoU48hCmdg?feature=oembed\" frameborder=\"0\" allow=\"accelerometer; autoplay; clipboard-write; encrypted-media; gyroscope; picture-in-picture; web-share\" referrerpolicy=\"strict-origin-when-cross-origin\" allowfullscreen><\/iframe>\n<\/div><\/figure>\n","protected":false},"excerpt":{"rendered":"<p>Mercredi dernier, le passage de la route N-332 a \u00e9t\u00e9 ouvert \u00e0 la circulation dans la municipalit\u00e9 de Sueca (Valence), o\u00f9 la [&hellip;]<\/p>\n","protected":false},"author":9,"featured_media":19013,"comment_status":"closed","ping_status":"open","sticky":false,"template":"","format":"standard","meta":{"footnotes":""},"categories":[97,95,96],"tags":[],"class_list":["post-19016","post","type-post","status-publish","format-standard","has-post-thumbnail","hentry","category-civil-fr","category-cps-fr","category-valence"],"_links":{"self":[{"href":"https:\/\/cps.es\/fr\/wp-json\/wp\/v2\/posts\/19016","targetHints":{"allow":["GET"]}}],"collection":[{"href":"https:\/\/cps.es\/fr\/wp-json\/wp\/v2\/posts"}],"about":[{"href":"https:\/\/cps.es\/fr\/wp-json\/wp\/v2\/types\/post"}],"author":[{"embeddable":true,"href":"https:\/\/cps.es\/fr\/wp-json\/wp\/v2\/users\/9"}],"replies":[{"embeddable":true,"href":"https:\/\/cps.es\/fr\/wp-json\/wp\/v2\/comments?post=19016"}],"version-history":[{"count":1,"href":"https:\/\/cps.es\/fr\/wp-json\/wp\/v2\/posts\/19016\/revisions"}],"predecessor-version":[{"id":19017,"href":"https:\/\/cps.es\/fr\/wp-json\/wp\/v2\/posts\/19016\/revisions\/19017"}],"wp:featuredmedia":[{"embeddable":true,"href":"https:\/\/cps.es\/fr\/wp-json\/wp\/v2\/media\/19013"}],"wp:attachment":[{"href":"https:\/\/cps.es\/fr\/wp-json\/wp\/v2\/media?parent=19016"}],"wp:term":[{"taxonomy":"category","embeddable":true,"href":"https:\/\/cps.es\/fr\/wp-json\/wp\/v2\/categories?post=19016"},{"taxonomy":"post_tag","embeddable":true,"href":"https:\/\/cps.es\/fr\/wp-json\/wp\/v2\/tags?post=19016"}],"curies":[{"name":"wp","href":"https:\/\/api.w.org\/{rel}","templated":true}]}}