{"id":19113,"date":"2026-04-28T08:09:00","date_gmt":"2026-04-28T06:09:00","guid":{"rendered":"https:\/\/cps.es\/lecole-publique-deducation-specialisee-alberto-tortajada-a-algemesi-recoit-la-certification-passivhaus\/"},"modified":"2026-04-28T08:27:34","modified_gmt":"2026-04-28T06:27:34","slug":"lecole-publique-deducation-specialisee-alberto-tortajada-a-algemesi-recoit-la-certification-passivhaus","status":"publish","type":"post","link":"https:\/\/cps.es\/fr\/lecole-publique-deducation-specialisee-alberto-tortajada-a-algemesi-recoit-la-certification-passivhaus\/","title":{"rendered":"L&#8217;\u00e9cole publique d&#8217;\u00e9ducation sp\u00e9cialis\u00e9e Alberto Tortajada \u00e0 Algemes\u00ed re\u00e7oit la certification Passivhaus."},"content":{"rendered":"<div class=\"wp-block-image\">\n<figure class=\"aligncenter size-large is-resized\"><img fetchpriority=\"high\" decoding=\"async\" width=\"1024\" height=\"622\" src=\"https:\/\/cps.es\/wp-content\/uploads\/2026\/04\/primer-colegio-educacion-especial-certidicado-passivhaus-algemesi-valencia-espana-1024x622.jpg\" alt=\"\" class=\"wp-image-19109\" style=\"aspect-ratio:1.6463424852665978;width:616px;height:auto\" srcset=\"https:\/\/cps.es\/wp-content\/uploads\/2026\/04\/primer-colegio-educacion-especial-certidicado-passivhaus-algemesi-valencia-espana-1024x622.jpg 1024w, https:\/\/cps.es\/wp-content\/uploads\/2026\/04\/primer-colegio-educacion-especial-certidicado-passivhaus-algemesi-valencia-espana-300x182.jpg 300w, https:\/\/cps.es\/wp-content\/uploads\/2026\/04\/primer-colegio-educacion-especial-certidicado-passivhaus-algemesi-valencia-espana-768x467.jpg 768w, https:\/\/cps.es\/wp-content\/uploads\/2026\/04\/primer-colegio-educacion-especial-certidicado-passivhaus-algemesi-valencia-espana-650x395.jpg 650w, https:\/\/cps.es\/wp-content\/uploads\/2026\/04\/primer-colegio-educacion-especial-certidicado-passivhaus-algemesi-valencia-espana.jpg 1300w\" sizes=\"(max-width: 1024px) 100vw, 1024px\" \/><\/figure>\n<\/div>\n<hr class=\"wp-block-separator has-alpha-channel-opacity is-style-dots\"\/>\n\n<p>Jeudi dernier a eu lieu la remise officielle du certificat et de la plaque de conformit\u00e9 \u00e0 la <strong>norme Passivhaus<\/strong> \u00e0 la <strong>mairie d&#8217;Algemes\u00ed <\/strong>pour la certification de l&#8217;<strong>\u00e9cole publique d&#8217;\u00e9ducation sp\u00e9cialis\u00e9e Alberto Tortajada.<\/strong> L&#8217;\u00e9v\u00e9nement a officialis\u00e9 la reconnaissance accord\u00e9e par le <strong>Passivhaus Institut<\/strong> par l&#8217;interm\u00e9diaire de la soci\u00e9t\u00e9 de certification Energiehaus, bas\u00e9e \u00e0 Barcelone, confirmant que le centre r\u00e9pond aux exigences de cette norme internationale en mati\u00e8re d&#8217;efficacit\u00e9 \u00e9nerg\u00e9tique.<\/p>\n\n<p><strong><a href=\"https:\/\/www.linkedin.com\/company\/cps-ingenieros-obra-civil-y-medio-ambiente\/\" data-type=\"link\" data-id=\"https:\/\/www.linkedin.com\/company\/cps-ingenieros-obra-civil-y-medio-ambiente\/\" target=\"_blank\" rel=\"noopener\">LES CPS<\/a> <\/strong>\u00e0<strong> <\/strong>UTE<strong> <\/strong>avec l&#8217;<strong>architecte Pepe Font <\/strong>ont \u00e9t\u00e9 responsables de la conception, de la gestion et de la supervision des travaux du centre, ainsi que de l&#8217;accompagnement pendant le processus de <strong>certification<\/strong> <strong>Passivhaus<\/strong>. Le b\u00e2timent de <strong>3 031,26 m\u00b2<\/strong>, d\u00e9velopp\u00e9 sur un seul \u00e9tage de type clo\u00eetre, int\u00e8gre une enveloppe totalement \u00e9tanche \u00e0 l&#8217;air avec une isolation continue sur tout son p\u00e9rim\u00e8tre, y compris la dalle de fondation, ainsi que des syst\u00e8mes de ventilation m\u00e9canique avec r\u00e9cup\u00e9ration de chaleur qui garantissent le confort int\u00e9rieur et la qualit\u00e9 de l&#8217;air.<\/p>\n\n<p>Avec cette certification, le <strong>CEE Alberto Tortajada<\/strong> devient la <strong>premi\u00e8re \u00e9cole publique d&#8217;Espagne \u00e0 obtenir la certification Passivhaus<\/strong>, une \u00e9tape importante qui d\u00e9montre la viabilit\u00e9 de l&#8217;application des normes les plus \u00e9lev\u00e9es en mati\u00e8re de durabilit\u00e9 et d&#8217;efficacit\u00e9 \u00e9nerg\u00e9tique dans les infrastructures \u00e9ducatives inclusives.<\/p>\n","protected":false},"excerpt":{"rendered":"<p>Jeudi dernier a eu lieu la remise officielle du certificat et de la plaque de conformit\u00e9 \u00e0 la norme Passivhaus \u00e0 la [&hellip;]<\/p>\n","protected":false},"author":9,"featured_media":19111,"comment_status":"closed","ping_status":"open","sticky":false,"template":"","format":"standard","meta":{"footnotes":""},"categories":[100,96],"tags":[],"class_list":["post-19113","post","type-post","status-publish","format-standard","has-post-thumbnail","hentry","category-architecture-fr","category-valence"],"_links":{"self":[{"href":"https:\/\/cps.es\/fr\/wp-json\/wp\/v2\/posts\/19113","targetHints":{"allow":["GET"]}}],"collection":[{"href":"https:\/\/cps.es\/fr\/wp-json\/wp\/v2\/posts"}],"about":[{"href":"https:\/\/cps.es\/fr\/wp-json\/wp\/v2\/types\/post"}],"author":[{"embeddable":true,"href":"https:\/\/cps.es\/fr\/wp-json\/wp\/v2\/users\/9"}],"replies":[{"embeddable":true,"href":"https:\/\/cps.es\/fr\/wp-json\/wp\/v2\/comments?post=19113"}],"version-history":[{"count":1,"href":"https:\/\/cps.es\/fr\/wp-json\/wp\/v2\/posts\/19113\/revisions"}],"predecessor-version":[{"id":19114,"href":"https:\/\/cps.es\/fr\/wp-json\/wp\/v2\/posts\/19113\/revisions\/19114"}],"wp:featuredmedia":[{"embeddable":true,"href":"https:\/\/cps.es\/fr\/wp-json\/wp\/v2\/media\/19111"}],"wp:attachment":[{"href":"https:\/\/cps.es\/fr\/wp-json\/wp\/v2\/media?parent=19113"}],"wp:term":[{"taxonomy":"category","embeddable":true,"href":"https:\/\/cps.es\/fr\/wp-json\/wp\/v2\/categories?post=19113"},{"taxonomy":"post_tag","embeddable":true,"href":"https:\/\/cps.es\/fr\/wp-json\/wp\/v2\/tags?post=19113"}],"curies":[{"name":"wp","href":"https:\/\/api.w.org\/{rel}","templated":true}]}}