{"id":8503,"date":"2018-04-22T08:37:00","date_gmt":"2018-04-22T08:37:00","guid":{"rendered":"https:\/\/cps.es\/plan-de-mobilite-urbaine-durable-de-sedavi\/"},"modified":"2023-03-06T16:31:55","modified_gmt":"2023-03-06T16:31:55","slug":"plan-de-mobilite-urbaine-durable-de-sedavi","status":"publish","type":"post","link":"https:\/\/cps.es\/fr\/plan-de-mobilite-urbaine-durable-de-sedavi\/","title":{"rendered":"Plan de mobilit\u00e9 urbaine durable de Sedav\u00ed"},"content":{"rendered":"\n<p>La CPS pr\u00e9sente le Plan de mobilit\u00e9 urbaine durable (PMUS) de la municipalit\u00e9 valencienne de Sedav\u00ed, sur lequel elle a travaill\u00e9 ces derniers mois.  <a href=\"http:\/\/www.riberatelevisio.com\/pla-mobilitat-urbana-sostenible-sedavi\" target=\"_blank\" rel=\"noopener\">Pr\u00e9sentation PMUS SEDAV\u00cd Ribera TV<\/a><\/p>\n\n<p>Dans le cadre des \u00e9v\u00e9nements de la deuxi\u00e8me semaine de la mobilit\u00e9 durable organis\u00e9e par le conseil municipal de Sedav\u00ed, le mardi 24 avril \u00e0 19h00 dans la salle pl\u00e9ni\u00e8re, le document SUMP sera pr\u00e9sent\u00e9, co\u00efncidant avec l&#8217;ach\u00e8vement de la r\u00e9daction du document.<\/p>\n\n<p>Tout au long de l&#8217;\u00e9laboration de ce plan, une collecte compl\u00e8te de donn\u00e9es a \u00e9t\u00e9 r\u00e9alis\u00e9e dans la commune (enqu\u00eates, sondages, inventaire routier, etc.), et une journ\u00e9e ouverte de participation citoyenne a \u00e9t\u00e9 organis\u00e9e en mars.<\/p>\n\n<p>Apr\u00e8s la phase de diagnostic, le document complet est maintenant pr\u00e9sent\u00e9, qui comprend le programme d&#8217;actions et le suivi futur du SUMP.<\/p>\n","protected":false},"excerpt":{"rendered":"<p>La CPS pr\u00e9sente le Plan de mobilit\u00e9 urbaine durable (PMUS) de la municipalit\u00e9 valencienne de Sedav\u00ed, sur lequel elle a travaill\u00e9 ces [&hellip;]<\/p>\n","protected":false},"author":9,"featured_media":7438,"comment_status":"closed","ping_status":"open","sticky":false,"template":"","format":"standard","meta":{"footnotes":""},"categories":[95],"tags":[],"class_list":["post-8503","post","type-post","status-publish","format-standard","has-post-thumbnail","hentry","category-cps-fr"],"_links":{"self":[{"href":"https:\/\/cps.es\/fr\/wp-json\/wp\/v2\/posts\/8503","targetHints":{"allow":["GET"]}}],"collection":[{"href":"https:\/\/cps.es\/fr\/wp-json\/wp\/v2\/posts"}],"about":[{"href":"https:\/\/cps.es\/fr\/wp-json\/wp\/v2\/types\/post"}],"author":[{"embeddable":true,"href":"https:\/\/cps.es\/fr\/wp-json\/wp\/v2\/users\/9"}],"replies":[{"embeddable":true,"href":"https:\/\/cps.es\/fr\/wp-json\/wp\/v2\/comments?post=8503"}],"version-history":[{"count":1,"href":"https:\/\/cps.es\/fr\/wp-json\/wp\/v2\/posts\/8503\/revisions"}],"predecessor-version":[{"id":8507,"href":"https:\/\/cps.es\/fr\/wp-json\/wp\/v2\/posts\/8503\/revisions\/8507"}],"wp:featuredmedia":[{"embeddable":true,"href":"https:\/\/cps.es\/fr\/wp-json\/wp\/v2\/media\/7438"}],"wp:attachment":[{"href":"https:\/\/cps.es\/fr\/wp-json\/wp\/v2\/media?parent=8503"}],"wp:term":[{"taxonomy":"category","embeddable":true,"href":"https:\/\/cps.es\/fr\/wp-json\/wp\/v2\/categories?post=8503"},{"taxonomy":"post_tag","embeddable":true,"href":"https:\/\/cps.es\/fr\/wp-json\/wp\/v2\/tags?post=8503"}],"curies":[{"name":"wp","href":"https:\/\/api.w.org\/{rel}","templated":true}]}}