{"id":8761,"date":"2019-09-27T06:59:00","date_gmt":"2019-09-27T06:59:00","guid":{"rendered":"https:\/\/cps.es\/la-cps-commence-lassistance-technique-a-lautorite-de-transport-metropolitaine-de-valence-atmv-dans-le-domaine-du-transport-public-de-passagers\/"},"modified":"2023-03-07T05:42:06","modified_gmt":"2023-03-07T05:42:06","slug":"la-cps-commence-lassistance-technique-a-lautorite-de-transport-metropolitaine-de-valence-atmv-dans-le-domaine-du-transport-public-de-passagers","status":"publish","type":"post","link":"https:\/\/cps.es\/fr\/la-cps-commence-lassistance-technique-a-lautorite-de-transport-metropolitaine-de-valence-atmv-dans-le-domaine-du-transport-public-de-passagers\/","title":{"rendered":"La CPS commence l&#8217;assistance technique \u00e0 l&#8217;autorit\u00e9 de transport m\u00e9tropolitaine de Valence (ATMV) dans le domaine du transport public de passagers."},"content":{"rendered":"\n<p>CPS a r\u00e9cemment commenc\u00e9 le service de soutien et d&#8217;assistance technique \u00e0 l&#8217;Autorit\u00e9 de Transport de la Communaut\u00e9 de Valence (ATMV) pour les deux prochaines ann\u00e9es sur les questions li\u00e9es au transport public de passagers dans la zone m\u00e9tropolitaine de Valence, en fournissant une \u00e9quipe compos\u00e9e d&#8217;un sp\u00e9cialiste en \u00e9conomie des transports, d&#8217;un sp\u00e9cialiste en syst\u00e8mes et technologies ITS et d&#8217;un sp\u00e9cialiste en planification et services d&#8217;infrastructure de transport, qui seront les leaders, les r\u00e9dacteurs et les responsables des diff\u00e9rents rapports et \u00e9tudes.<\/p>\n\n<p>L&#8217;objectif du contrat est de r\u00e9aliser des travaux, des \u00e9tudes et des rapports relatifs \u00e0 la mobilit\u00e9 et au syst\u00e8me de transport dans la zone m\u00e9tropolitaine de Valence afin de promouvoir un syst\u00e8me de transport int\u00e9gr\u00e9, durable et moderne avec une politique tarifaire int\u00e9gr\u00e9e (EMT-Metro-Metrobus-Renfe Cercan\u00edas) qui favorise le transfert modal des v\u00e9hicules priv\u00e9s vers le transport public en faveur d&#8217;une plus grande efficacit\u00e9 et durabilit\u00e9.<\/p>\n\n<h2 class=\"wp-block-heading\">SCP et la zone m\u00e9tropolitaine de Valence<\/h2>\n\n<p>Les autres travaux \u00e0 r\u00e9aliser par CPS au cours du contrat sont les suivants :<\/p>\n\n<ul class=\"wp-block-list\"><li>R\u00e9daction du plan de gestion pluriannuel 2019-2023 de la MTAV et des plans d&#8217;action annuels de l&#8217;entit\u00e9.<\/li><li>Rapports de suivi du plan de gestion.<\/li><li>Analyse et diagnostic de la mobilit\u00e9 dans l&#8217;aire m\u00e9tropolitaine et de l&#8217;interconnexion entre les diff\u00e9rents syst\u00e8mes de transport existants.<\/li><li>Projets et plans pilotes li\u00e9s \u00e0 la mobilit\u00e9 durable.<\/li><li>Mod\u00e8le de transport pour la r\u00e9gion m\u00e9tropolitaine.<\/li><li>Conseils sur la d\u00e9finition du mod\u00e8le de politique tarifaire et le calcul de la compensation pour chaque op\u00e9rateur de transport.<\/li><li>Diffusion et promotion de la mobilit\u00e9 durable dans la r\u00e9gion m\u00e9tropolitaine de Valence.<\/li><\/ul>\n","protected":false},"excerpt":{"rendered":"<p>CPS a r\u00e9cemment commenc\u00e9 le service de soutien et d&#8217;assistance technique \u00e0 l&#8217;Autorit\u00e9 de Transport de la Communaut\u00e9 de Valence (ATMV) pour [&hellip;]<\/p>\n","protected":false},"author":9,"featured_media":7570,"comment_status":"closed","ping_status":"open","sticky":false,"template":"","format":"standard","meta":{"footnotes":""},"categories":[96],"tags":[],"class_list":["post-8761","post","type-post","status-publish","format-standard","has-post-thumbnail","hentry","category-valence"],"_links":{"self":[{"href":"https:\/\/cps.es\/fr\/wp-json\/wp\/v2\/posts\/8761","targetHints":{"allow":["GET"]}}],"collection":[{"href":"https:\/\/cps.es\/fr\/wp-json\/wp\/v2\/posts"}],"about":[{"href":"https:\/\/cps.es\/fr\/wp-json\/wp\/v2\/types\/post"}],"author":[{"embeddable":true,"href":"https:\/\/cps.es\/fr\/wp-json\/wp\/v2\/users\/9"}],"replies":[{"embeddable":true,"href":"https:\/\/cps.es\/fr\/wp-json\/wp\/v2\/comments?post=8761"}],"version-history":[{"count":1,"href":"https:\/\/cps.es\/fr\/wp-json\/wp\/v2\/posts\/8761\/revisions"}],"predecessor-version":[{"id":8765,"href":"https:\/\/cps.es\/fr\/wp-json\/wp\/v2\/posts\/8761\/revisions\/8765"}],"wp:featuredmedia":[{"embeddable":true,"href":"https:\/\/cps.es\/fr\/wp-json\/wp\/v2\/media\/7570"}],"wp:attachment":[{"href":"https:\/\/cps.es\/fr\/wp-json\/wp\/v2\/media?parent=8761"}],"wp:term":[{"taxonomy":"category","embeddable":true,"href":"https:\/\/cps.es\/fr\/wp-json\/wp\/v2\/categories?post=8761"},{"taxonomy":"post_tag","embeddable":true,"href":"https:\/\/cps.es\/fr\/wp-json\/wp\/v2\/tags?post=8761"}],"curies":[{"name":"wp","href":"https:\/\/api.w.org\/{rel}","templated":true}]}}