{"id":8836,"date":"2019-09-18T06:54:00","date_gmt":"2019-09-18T06:54:00","guid":{"rendered":"https:\/\/cps.es\/cps-commence-lelaboration-de-letude-de-pre-investissement-pour-la-creation-du-centre-de-controle-et-de-la-chambre-de-compensation-du-metro-de-lima\/"},"modified":"2023-03-07T05:42:40","modified_gmt":"2023-03-07T05:42:40","slug":"cps-commence-lelaboration-de-letude-de-pre-investissement-pour-la-creation-du-centre-de-controle-et-de-la-chambre-de-compensation-du-metro-de-lima","status":"publish","type":"post","link":"https:\/\/cps.es\/fr\/cps-commence-lelaboration-de-letude-de-pre-investissement-pour-la-creation-du-centre-de-controle-et-de-la-chambre-de-compensation-du-metro-de-lima\/","title":{"rendered":"CPS commence l&#8217;\u00e9laboration de l&#8217;\u00e9tude de pr\u00e9-investissement pour la cr\u00e9ation du centre de contr\u00f4le et de la chambre de compensation du m\u00e9tro de Lima."},"content":{"rendered":"\n<p>Le Consortium compos\u00e9 de CPS Infraestructuras, Movilidad y Medio Ambiente S.L. Sucursal Per\u00fa et une autre entreprise collaboratrice a commenc\u00e9 la r\u00e9daction de l&#8217;\u00e9tude en mai 2019 dernier avec un budget pour le d\u00e9veloppement du travail de S\/. 5,438,578.23.<\/p>\n\n<p>Cette \u00e9tude de planification, men\u00e9e par l&#8217;Autorit\u00e9 autonome du syst\u00e8me de transport \u00e9lectrique, vise \u00e0 d\u00e9finir, \u00e0 un niveau conceptuel, le fonctionnement du futur centre de compensation du r\u00e9seau de m\u00e9tro de Lima et Callao pour la gestion des 6 lignes pr\u00e9vues dans son plan directeur, ainsi que sa viabilit\u00e9 technique et financi\u00e8re.<\/p>\n\n<p>L&#8217;emplacement du futur b\u00e2timent qui abritera le centre de contr\u00f4le des op\u00e9rations (OCC) du r\u00e9seau sera \u00e9galement \u00e9tudi\u00e9 et le projet de base pour sa d\u00e9finition architecturale et fonctionnelle sera d\u00e9velopp\u00e9.<\/p>\n","protected":false},"excerpt":{"rendered":"<p>Le Consortium compos\u00e9 de CPS Infraestructuras, Movilidad y Medio Ambiente S.L. Sucursal Per\u00fa et une autre entreprise collaboratrice a commenc\u00e9 la r\u00e9daction [&hellip;]<\/p>\n","protected":false},"author":9,"featured_media":7568,"comment_status":"closed","ping_status":"open","sticky":false,"template":"","format":"standard","meta":{"footnotes":""},"categories":[73],"tags":[],"class_list":["post-8836","post","type-post","status-publish","format-standard","has-post-thumbnail","hentry","category-international"],"_links":{"self":[{"href":"https:\/\/cps.es\/fr\/wp-json\/wp\/v2\/posts\/8836","targetHints":{"allow":["GET"]}}],"collection":[{"href":"https:\/\/cps.es\/fr\/wp-json\/wp\/v2\/posts"}],"about":[{"href":"https:\/\/cps.es\/fr\/wp-json\/wp\/v2\/types\/post"}],"author":[{"embeddable":true,"href":"https:\/\/cps.es\/fr\/wp-json\/wp\/v2\/users\/9"}],"replies":[{"embeddable":true,"href":"https:\/\/cps.es\/fr\/wp-json\/wp\/v2\/comments?post=8836"}],"version-history":[{"count":1,"href":"https:\/\/cps.es\/fr\/wp-json\/wp\/v2\/posts\/8836\/revisions"}],"predecessor-version":[{"id":8841,"href":"https:\/\/cps.es\/fr\/wp-json\/wp\/v2\/posts\/8836\/revisions\/8841"}],"wp:featuredmedia":[{"embeddable":true,"href":"https:\/\/cps.es\/fr\/wp-json\/wp\/v2\/media\/7568"}],"wp:attachment":[{"href":"https:\/\/cps.es\/fr\/wp-json\/wp\/v2\/media?parent=8836"}],"wp:term":[{"taxonomy":"category","embeddable":true,"href":"https:\/\/cps.es\/fr\/wp-json\/wp\/v2\/categories?post=8836"},{"taxonomy":"post_tag","embeddable":true,"href":"https:\/\/cps.es\/fr\/wp-json\/wp\/v2\/tags?post=8836"}],"curies":[{"name":"wp","href":"https:\/\/api.w.org\/{rel}","templated":true}]}}