{"id":9129,"date":"2023-01-26T10:55:44","date_gmt":"2023-01-26T10:55:44","guid":{"rendered":"https:\/\/cps.es\/2e-conference-sur-la-numerisation-de-la-gestion-de-la-mobilite-urbaine-et-le-deploiement-des-zones-a-faible-taux-demission\/"},"modified":"2023-03-07T09:09:51","modified_gmt":"2023-03-07T09:09:51","slug":"2e-conference-sur-la-numerisation-de-la-gestion-de-la-mobilite-urbaine-et-le-deploiement-des-zones-a-faible-taux-demission","status":"publish","type":"post","link":"https:\/\/cps.es\/fr\/2e-conference-sur-la-numerisation-de-la-gestion-de-la-mobilite-urbaine-et-le-deploiement-des-zones-a-faible-taux-demission\/","title":{"rendered":"2e conf\u00e9rence sur la num\u00e9risation de la gestion de la mobilit\u00e9 urbaine et le d\u00e9ploiement des zones \u00e0 faible taux d&#8217;\u00e9mission."},"content":{"rendered":"\n<p><\/p>\n\n<figure class=\"wp-block-gallery has-nested-images columns-default is-cropped wp-block-gallery-1 is-layout-flex wp-block-gallery-is-layout-flex\">\n<figure class=\"wp-block-image size-large\"><img fetchpriority=\"high\" decoding=\"async\" width=\"1024\" height=\"599\" data-id=\"4669\" src=\"https:\/\/ayrtong1.sg-host.com\/wp-content\/uploads\/2023\/01\/01-Mar-Edo-II-Jornada-ZBE-Valencia-1024x599.jpg\" alt=\"\" class=\"wp-image-4669\" srcset=\"https:\/\/cps.es\/wp-content\/uploads\/2023\/01\/01-Mar-Edo-II-Jornada-ZBE-Valencia-1024x599.jpg 1024w, https:\/\/cps.es\/wp-content\/uploads\/2023\/01\/01-Mar-Edo-II-Jornada-ZBE-Valencia-300x176.jpg 300w, https:\/\/cps.es\/wp-content\/uploads\/2023\/01\/01-Mar-Edo-II-Jornada-ZBE-Valencia-768x450.jpg 768w, https:\/\/cps.es\/wp-content\/uploads\/2023\/01\/01-Mar-Edo-II-Jornada-ZBE-Valencia-650x380.jpg 650w, https:\/\/cps.es\/wp-content\/uploads\/2023\/01\/01-Mar-Edo-II-Jornada-ZBE-Valencia.jpg 1360w\" sizes=\"(max-width: 1024px) 100vw, 1024px\" \/><\/figure>\n\n\n\n<figure class=\"wp-block-image size-large\"><img decoding=\"async\" width=\"981\" height=\"736\" data-id=\"4670\" src=\"https:\/\/ayrtong1.sg-host.com\/wp-content\/uploads\/2023\/01\/02-Enrique-Villalonga-II-Jornada-ZBE-Valencia-edited.jpg\" alt=\"\" class=\"wp-image-4670\" srcset=\"https:\/\/cps.es\/wp-content\/uploads\/2023\/01\/02-Enrique-Villalonga-II-Jornada-ZBE-Valencia-edited.jpg 981w, https:\/\/cps.es\/wp-content\/uploads\/2023\/01\/02-Enrique-Villalonga-II-Jornada-ZBE-Valencia-edited-300x225.jpg 300w, https:\/\/cps.es\/wp-content\/uploads\/2023\/01\/02-Enrique-Villalonga-II-Jornada-ZBE-Valencia-edited-768x576.jpg 768w, https:\/\/cps.es\/wp-content\/uploads\/2023\/01\/02-Enrique-Villalonga-II-Jornada-ZBE-Valencia-edited-650x488.jpg 650w\" sizes=\"(max-width: 981px) 100vw, 981px\" \/><\/figure>\n<\/figure>\n\n<p><\/p>\n\n<p>Le <strong>CPS<\/strong> participe \u00e0 la <strong>IIe conf\u00e9rence sur la num\u00e9risation de la gestion de la mobilit\u00e9 urbaine et le d\u00e9ploiement des zones \u00e0 faibles \u00e9missions<\/strong>, promue par le <strong>conseil municipal de Valence<\/strong> et organis\u00e9e par l&#8217;<strong>Association des ing\u00e9nieurs du trafic et des techniciens de la mobilit\u00e9 et l&#8217;<\/strong> <strong>Intelligent Mobility Forum<\/strong>.<\/p>\n\n<p>Hier, lors de la session consacr\u00e9e \u00e0 &#8220;l&#8217;arr\u00eat\u00e9 royal&#8221;, <strong>Mar Edo<\/strong>, chef du d\u00e9partement &#8220;Trafic et mobilit\u00e9&#8221;, a fait une pr\u00e9sentation sur &#8220;les aspects cl\u00e9s de l&#8217;arr\u00eat\u00e9 royal qui concernent les conseils locaux&#8221;.<\/p>\n\n<p>Aujourd&#8217;hui, dans l&#8217;espace d\u00e9di\u00e9 aux &#8220;Bonnes pratiques dans le d\u00e9ploiement des zones \u00e0 faibles \u00e9missions&#8221;,  <strong>Enrique Villalonga<\/strong>Directeur du d\u00e9partement des transports, a fait une pr\u00e9sentation intitul\u00e9e &#8220;Le cas de Grenade&#8221;, traitant du travail effectu\u00e9 par l&#8217;\u00e9quipe de planification des transports de la CPS pour la d\u00e9finition de la ZBE de la ville de Grenade.<\/p>\n","protected":false},"excerpt":{"rendered":"<p>Le CPS participe \u00e0 la IIe conf\u00e9rence sur la num\u00e9risation de la gestion de la mobilit\u00e9 urbaine et le d\u00e9ploiement des zones [&hellip;]<\/p>\n","protected":false},"author":9,"featured_media":8160,"comment_status":"closed","ping_status":"open","sticky":false,"template":"","format":"standard","meta":{"footnotes":""},"categories":[109],"tags":[],"class_list":["post-9129","post","type-post","status-publish","format-standard","has-post-thumbnail","hentry","category-congres"],"_links":{"self":[{"href":"https:\/\/cps.es\/fr\/wp-json\/wp\/v2\/posts\/9129","targetHints":{"allow":["GET"]}}],"collection":[{"href":"https:\/\/cps.es\/fr\/wp-json\/wp\/v2\/posts"}],"about":[{"href":"https:\/\/cps.es\/fr\/wp-json\/wp\/v2\/types\/post"}],"author":[{"embeddable":true,"href":"https:\/\/cps.es\/fr\/wp-json\/wp\/v2\/users\/9"}],"replies":[{"embeddable":true,"href":"https:\/\/cps.es\/fr\/wp-json\/wp\/v2\/comments?post=9129"}],"version-history":[{"count":1,"href":"https:\/\/cps.es\/fr\/wp-json\/wp\/v2\/posts\/9129\/revisions"}],"predecessor-version":[{"id":9133,"href":"https:\/\/cps.es\/fr\/wp-json\/wp\/v2\/posts\/9129\/revisions\/9133"}],"wp:featuredmedia":[{"embeddable":true,"href":"https:\/\/cps.es\/fr\/wp-json\/wp\/v2\/media\/8160"}],"wp:attachment":[{"href":"https:\/\/cps.es\/fr\/wp-json\/wp\/v2\/media?parent=9129"}],"wp:term":[{"taxonomy":"category","embeddable":true,"href":"https:\/\/cps.es\/fr\/wp-json\/wp\/v2\/categories?post=9129"},{"taxonomy":"post_tag","embeddable":true,"href":"https:\/\/cps.es\/fr\/wp-json\/wp\/v2\/tags?post=9129"}],"curies":[{"name":"wp","href":"https:\/\/api.w.org\/{rel}","templated":true}]}}