{"id":9142,"date":"2023-02-03T08:35:15","date_gmt":"2023-02-03T08:35:15","guid":{"rendered":"https:\/\/cps.es\/viieme-reunion-des-villes\/"},"modified":"2023-03-07T09:10:50","modified_gmt":"2023-03-07T09:10:50","slug":"viieme-reunion-des-villes","status":"publish","type":"post","link":"https:\/\/cps.es\/fr\/viieme-reunion-des-villes\/","title":{"rendered":"VII\u00e8me r\u00e9union des villes"},"content":{"rendered":"\n<p><\/p>\n\n<figure class=\"wp-block-gallery has-nested-images columns-default is-cropped wp-block-gallery-1 is-layout-flex wp-block-gallery-is-layout-flex\">\n<figure class=\"wp-block-image size-full\"><img fetchpriority=\"high\" decoding=\"async\" width=\"1000\" height=\"609\" data-id=\"5009\" src=\"https:\/\/cps.es\/wp-content\/uploads\/2023\/02\/vii-encuentro-ciudades.webp\" alt=\"\" class=\"wp-image-5009\" srcset=\"https:\/\/cps.es\/wp-content\/uploads\/2023\/02\/vii-encuentro-ciudades.webp 1000w, https:\/\/cps.es\/wp-content\/uploads\/2023\/02\/vii-encuentro-ciudades-300x183.webp 300w, https:\/\/cps.es\/wp-content\/uploads\/2023\/02\/vii-encuentro-ciudades-768x468.webp 768w, https:\/\/cps.es\/wp-content\/uploads\/2023\/02\/vii-encuentro-ciudades-650x396.webp 650w\" sizes=\"(max-width: 1000px) 100vw, 1000px\" \/><\/figure>\n<\/figure>\n\n<p><\/p>\n\n<p>La <strong>CPS<\/strong> a particip\u00e9 \u00e0 la <strong>VIIe r\u00e9union des villes<\/strong> sous le slogan &#8220;Ensemble, nous ajoutons tous des villes saines&#8221; qui s&#8217;est tenue les 2 et 3 f\u00e9vrier \u00e0 la Feria de Valladolid.<\/p>\n\n<p>L&#8217;\u00e9v\u00e9nement, organis\u00e9 par la Direction g\u00e9n\u00e9rale du trafic et la F\u00e9d\u00e9ration espagnole des municipalit\u00e9s et des provinces (FEMP), concentre le d\u00e9bat sur la mani\u00e8re de r\u00e9aliser des villes plus saines, plus humaines, plus communautaires et plus proches, o\u00f9 les citoyens sont au centre de la mobilit\u00e9.<\/p>\n","protected":false},"excerpt":{"rendered":"<p>La CPS a particip\u00e9 \u00e0 la VIIe r\u00e9union des villes sous le slogan &#8220;Ensemble, nous ajoutons tous des villes saines&#8221; qui s&#8217;est [&hellip;]<\/p>\n","protected":false},"author":9,"featured_media":8268,"comment_status":"closed","ping_status":"open","sticky":false,"template":"","format":"standard","meta":{"footnotes":""},"categories":[109],"tags":[],"class_list":["post-9142","post","type-post","status-publish","format-standard","has-post-thumbnail","hentry","category-congres"],"_links":{"self":[{"href":"https:\/\/cps.es\/fr\/wp-json\/wp\/v2\/posts\/9142","targetHints":{"allow":["GET"]}}],"collection":[{"href":"https:\/\/cps.es\/fr\/wp-json\/wp\/v2\/posts"}],"about":[{"href":"https:\/\/cps.es\/fr\/wp-json\/wp\/v2\/types\/post"}],"author":[{"embeddable":true,"href":"https:\/\/cps.es\/fr\/wp-json\/wp\/v2\/users\/9"}],"replies":[{"embeddable":true,"href":"https:\/\/cps.es\/fr\/wp-json\/wp\/v2\/comments?post=9142"}],"version-history":[{"count":1,"href":"https:\/\/cps.es\/fr\/wp-json\/wp\/v2\/posts\/9142\/revisions"}],"predecessor-version":[{"id":9145,"href":"https:\/\/cps.es\/fr\/wp-json\/wp\/v2\/posts\/9142\/revisions\/9145"}],"wp:featuredmedia":[{"embeddable":true,"href":"https:\/\/cps.es\/fr\/wp-json\/wp\/v2\/media\/8268"}],"wp:attachment":[{"href":"https:\/\/cps.es\/fr\/wp-json\/wp\/v2\/media?parent=9142"}],"wp:term":[{"taxonomy":"category","embeddable":true,"href":"https:\/\/cps.es\/fr\/wp-json\/wp\/v2\/categories?post=9142"},{"taxonomy":"post_tag","embeddable":true,"href":"https:\/\/cps.es\/fr\/wp-json\/wp\/v2\/tags?post=9142"}],"curies":[{"name":"wp","href":"https:\/\/api.w.org\/{rel}","templated":true}]}}